{"id":20712,"date":"2025-04-29T08:48:43","date_gmt":"2025-04-29T06:48:43","guid":{"rendered":"http:\/\/przedszkole.kosowlacki.pl\/wordpress\/?p=20712"},"modified":"2025-04-29T08:48:43","modified_gmt":"2025-04-29T06:48:43","slug":"wyniki-rekrutacji-do-przedszkola","status":"publish","type":"post","link":"http:\/\/przedszkole.kosowlacki.pl\/wordpress\/wyniki-rekrutacji-do-przedszkola\/","title":{"rendered":"Wyniki rekrutacji do przedszkola"},"content":{"rendered":"<p>Komisja rekrutacyjna Gminnego Przedszkola w Kosowie Lackim informuje, \u017ce na rok szkolny 2025\/2026 do Gminnego Przedszkola w Kosowie Lackim przyj\u0119to 182 dzieci. Do plac\u00f3wki zgodnie z Regulaminem\u00a0 przyj\u0119to wszystkie dzieci, kt\u00f3re przyst\u0105pi\u0142y do rekrutacji i\u00a0 zamieszkuj\u0105 na terenie Gminy Kos\u00f3w Lacki. Z powodu braku wolnych miejsc do grupy 4 latk\u00f3w nie\u00a0 przyj\u0119to troje dzieci. Ponadto dzieci te\u00a0 zamieszkuj\u0105 poza terenem Gminy Kos\u00f3w Lacki. Obecnie przedszkole dysponuje wolnymi miejscami tylko w grupie 3-latk\u00f3w.<\/p>\n<p>Listy os\u00f3b przyj\u0119tych i nie przyj\u0119tych do przedszkola dost\u0119pne s\u0105 w sekretariacie przedszkola.<\/p>\n","protected":false},"excerpt":{"rendered":"<p>Komisja rekrutacyjna Gminnego Przedszkola w Kosowie Lackim informuje, \u017ce na rok szkolny 2025\/2026 do Gminnego Przedszkola w Kosowie Lackim przyj\u0119to 182 dzieci. Do plac\u00f3wki zgodnie z Regulaminem\u00a0 przyj\u0119to wszystkie dzieci, kt\u00f3re przyst\u0105pi\u0142y do rekrutacji i\u00a0 zamieszkuj\u0105 na terenie Gminy Kos\u00f3w Lacki. Z powodu braku wolnych miejsc do grupy 4 latk\u00f3w nie\u00a0 przyj\u0119to troje dzieci. Ponadto&hellip; <br \/> <a class=\"read-more\" href=\"http:\/\/przedszkole.kosowlacki.pl\/wordpress\/wyniki-rekrutacji-do-przedszkola\/\">Read more<\/a><\/p>\n","protected":false},"author":9,"featured_media":0,"comment_status":"open","ping_status":"open","sticky":false,"template":"","format":"standard","meta":[],"categories":[10,11],"tags":[],"_links":{"self":[{"href":"http:\/\/przedszkole.kosowlacki.pl\/wordpress\/wp-json\/wp\/v2\/posts\/20712"}],"collection":[{"href":"http:\/\/przedszkole.kosowlacki.pl\/wordpress\/wp-json\/wp\/v2\/posts"}],"about":[{"href":"http:\/\/przedszkole.kosowlacki.pl\/wordpress\/wp-json\/wp\/v2\/types\/post"}],"author":[{"embeddable":true,"href":"http:\/\/przedszkole.kosowlacki.pl\/wordpress\/wp-json\/wp\/v2\/users\/9"}],"replies":[{"embeddable":true,"href":"http:\/\/przedszkole.kosowlacki.pl\/wordpress\/wp-json\/wp\/v2\/comments?post=20712"}],"version-history":[{"count":1,"href":"http:\/\/przedszkole.kosowlacki.pl\/wordpress\/wp-json\/wp\/v2\/posts\/20712\/revisions"}],"predecessor-version":[{"id":20713,"href":"http:\/\/przedszkole.kosowlacki.pl\/wordpress\/wp-json\/wp\/v2\/posts\/20712\/revisions\/20713"}],"wp:attachment":[{"href":"http:\/\/przedszkole.kosowlacki.pl\/wordpress\/wp-json\/wp\/v2\/media?parent=20712"}],"wp:term":[{"taxonomy":"category","embeddable":true,"href":"http:\/\/przedszkole.kosowlacki.pl\/wordpress\/wp-json\/wp\/v2\/categories?post=20712"},{"taxonomy":"post_tag","embeddable":true,"href":"http:\/\/przedszkole.kosowlacki.pl\/wordpress\/wp-json\/wp\/v2\/tags?post=20712"}],"curies":[{"name":"wp","href":"https:\/\/api.w.org\/{rel}","templated":true}]}}