{"id":20357,"date":"2025-03-21T10:46:14","date_gmt":"2025-03-21T09:46:14","guid":{"rendered":"http:\/\/przedszkole.kosowlacki.pl\/wordpress\/?p=20357"},"modified":"2025-03-21T10:46:14","modified_gmt":"2025-03-21T09:46:14","slug":"21-marca-pierwszy-dzien-wiosny","status":"publish","type":"post","link":"http:\/\/przedszkole.kosowlacki.pl\/wordpress\/21-marca-pierwszy-dzien-wiosny\/","title":{"rendered":"21 marca &#8211; pierwszy Dzie\u0144 Wiosny"},"content":{"rendered":"<p>&nbsp;<\/p>\n<p>Witamy Ci\u0119 Pani Wiosno!<\/p>\n<p>Z ut\u0119sknieniem czekali\u015bmy na Twoje przybycie. Cieszymy si\u0119 z pierwszych wiosennych promieni s\u0142o\u0144ca, kt\u00f3re pozwalaj\u0105 nam na zrzucenie grubych kurtek i czapek. Korzystaj\u0105c z dobrodziejstw Pani Wiosny du\u017co czasu sp\u0119dzamy na placu zabaw, na spacerach poszukujemy pierwszych oznak wiosny, obserwujemy zmieniaj\u0105c\u0105 si\u0119 przyrod\u0119 i wszystko budz\u0105ce si\u0119 do \u017cycia. Dzieci wykazuj\u0105 du\u017ce zainteresowanie otaczaj\u0105c\u0105 ich przyrod\u0105, z zainteresowaniem s\u0142uchaj\u0105 ciekawostek z \u017cycia ro\u015blin i zwierz\u0105t. Na zaj\u0119ciach ch\u0119tnie przygotowuj\u0105 kolorowe kwiaty, girlandy i plakaty zwi\u0105zane z tematyk\u0105 przyrody. Jest to dobry czas aby obudzi\u0107 si\u0119 z zimowej nostalgii i przywita\u0107 Wiosn\u0119 prawdziw\u0105 energi\u0105!<\/p>\n<p>&nbsp;<\/p>\n<p>&nbsp;<\/p>\n<p style=\"text-align: right;\">A. Ferenc<\/p>\n","protected":false},"excerpt":{"rendered":"<p>&nbsp; Witamy Ci\u0119 Pani Wiosno! Z ut\u0119sknieniem czekali\u015bmy na Twoje przybycie. Cieszymy si\u0119 z pierwszych wiosennych promieni s\u0142o\u0144ca, kt\u00f3re pozwalaj\u0105 nam na zrzucenie grubych kurtek i czapek. Korzystaj\u0105c z dobrodziejstw Pani Wiosny du\u017co czasu sp\u0119dzamy na placu zabaw, na spacerach poszukujemy pierwszych oznak wiosny, obserwujemy zmieniaj\u0105c\u0105 si\u0119 przyrod\u0119 i wszystko budz\u0105ce si\u0119 do \u017cycia. Dzieci&hellip; <br \/> <a class=\"read-more\" href=\"http:\/\/przedszkole.kosowlacki.pl\/wordpress\/21-marca-pierwszy-dzien-wiosny\/\">Read more<\/a><\/p>\n","protected":false},"author":8,"featured_media":0,"comment_status":"open","ping_status":"open","sticky":false,"template":"","format":"standard","meta":[],"categories":[10],"tags":[],"_links":{"self":[{"href":"http:\/\/przedszkole.kosowlacki.pl\/wordpress\/wp-json\/wp\/v2\/posts\/20357"}],"collection":[{"href":"http:\/\/przedszkole.kosowlacki.pl\/wordpress\/wp-json\/wp\/v2\/posts"}],"about":[{"href":"http:\/\/przedszkole.kosowlacki.pl\/wordpress\/wp-json\/wp\/v2\/types\/post"}],"author":[{"embeddable":true,"href":"http:\/\/przedszkole.kosowlacki.pl\/wordpress\/wp-json\/wp\/v2\/users\/8"}],"replies":[{"embeddable":true,"href":"http:\/\/przedszkole.kosowlacki.pl\/wordpress\/wp-json\/wp\/v2\/comments?post=20357"}],"version-history":[{"count":1,"href":"http:\/\/przedszkole.kosowlacki.pl\/wordpress\/wp-json\/wp\/v2\/posts\/20357\/revisions"}],"predecessor-version":[{"id":20358,"href":"http:\/\/przedszkole.kosowlacki.pl\/wordpress\/wp-json\/wp\/v2\/posts\/20357\/revisions\/20358"}],"wp:attachment":[{"href":"http:\/\/przedszkole.kosowlacki.pl\/wordpress\/wp-json\/wp\/v2\/media?parent=20357"}],"wp:term":[{"taxonomy":"category","embeddable":true,"href":"http:\/\/przedszkole.kosowlacki.pl\/wordpress\/wp-json\/wp\/v2\/categories?post=20357"},{"taxonomy":"post_tag","embeddable":true,"href":"http:\/\/przedszkole.kosowlacki.pl\/wordpress\/wp-json\/wp\/v2\/tags?post=20357"}],"curies":[{"name":"wp","href":"https:\/\/api.w.org\/{rel}","templated":true}]}}