{"id":20353,"date":"2025-03-21T08:42:43","date_gmt":"2025-03-21T07:42:43","guid":{"rendered":"http:\/\/przedszkole.kosowlacki.pl\/wordpress\/?p=20353"},"modified":"2025-03-21T08:42:56","modified_gmt":"2025-03-21T07:42:56","slug":"akcja-edukacyjna-strazakow-w-przedszkolu","status":"publish","type":"post","link":"http:\/\/przedszkole.kosowlacki.pl\/wordpress\/akcja-edukacyjna-strazakow-w-przedszkolu\/","title":{"rendered":"Akcja edukacyjna stra\u017cak\u00f3w w przedszkolu."},"content":{"rendered":"<p><img loading=\"lazy\" class=\"alignnone size-medium wp-image-20354\" src=\"http:\/\/przedszkole.kosowlacki.pl\/wordpress\/wp-content\/uploads\/2025\/03\/straz-300x25.png\" alt=\"\" width=\"300\" height=\"25\" srcset=\"http:\/\/przedszkole.kosowlacki.pl\/wordpress\/wp-content\/uploads\/2025\/03\/straz-300x25.png 300w, http:\/\/przedszkole.kosowlacki.pl\/wordpress\/wp-content\/uploads\/2025\/03\/straz-768x64.png 768w, http:\/\/przedszkole.kosowlacki.pl\/wordpress\/wp-content\/uploads\/2025\/03\/straz.png 920w\" sizes=\"(max-width: 300px) 100vw, 300px\" \/><\/p>\n<p><strong>Dnia 19 III 2025 roku w naszym przedszkolu odby\u0142o si\u0119 spotkanie ze stra\u017cakami z OSP w Kosowie Lackim w ramach akcji edukacyjnej prowadzonej przez miejscow\u0105 OSP w plac\u00f3wkach o\u015bwiatowych na terenie gminy zgodnie z realizacj\u0105 projektu \u201e Zakup nowego ci\u0119\u017ckiego samochodu po\u017carniczego wraz z wyposa\u017ceniem dla Ochotniczej Stra\u017cy Po\u017carnej w Kosowie Lackim gmina Kos\u00f3w Lacki\u201d.<\/strong><\/p>\n<p style=\"text-align: center;\"><strong> Projekt ten zosta\u0142 zrealizowany w ramach <\/strong><strong>Programu Fundusze Europejskie dla Mazowsza 2021-2027.<\/strong><\/p>\n<p>Kampania dotyczy\u0142a min.:<\/p>\n<p>&#8211; bezpiecze\u0144stwa po\u017carowego i innych kl\u0119sk \u017cywio\u0142owych,<\/p>\n<p>&#8211; zmian klimatu i ochrony zasob\u00f3w wodnych,<\/p>\n<p>&#8211; minimalizacji ryzyka zagro\u017ce\u0144 zwi\u0105zanych z klimatem i ekstremalnymi warunkami pogodowymi itp.<\/p>\n<p>Nasi wychowankowie z uwag\u0105 i\u00a0 zaanga\u017cowaniem uczestniczyli w spotkaniu, wykazali si\u0119 r\u00f3wnie\u017c ogromn\u0105 wiedz\u0105 na w\/w tematy, ale najbardziej byli zainteresowani nowym samochodem stra\u017cackim i jego wyposa\u017ceniem.<\/p>\n<p style=\"text-align: center;\">\u00a0Dzi\u0119kujemy STRA\u017bAKOM z OSP w Kosowie Lackim za spotkanie i\u00a0 zaproszenie do Remizy OSP w Kosowie\u00a0 Lackim w maju.<\/p>\n<p style=\"text-align: right;\">Ewa Ciesielska<\/p>\n","protected":false},"excerpt":{"rendered":"<p>Dnia 19 III 2025 roku w naszym przedszkolu odby\u0142o si\u0119 spotkanie ze stra\u017cakami z OSP w Kosowie Lackim w ramach akcji edukacyjnej prowadzonej przez miejscow\u0105 OSP w plac\u00f3wkach o\u015bwiatowych na terenie gminy zgodnie z realizacj\u0105 projektu \u201e Zakup nowego ci\u0119\u017ckiego samochodu po\u017carniczego wraz z wyposa\u017ceniem dla Ochotniczej Stra\u017cy Po\u017carnej w Kosowie Lackim gmina Kos\u00f3w Lacki\u201d.&hellip; <br \/> <a class=\"read-more\" href=\"http:\/\/przedszkole.kosowlacki.pl\/wordpress\/akcja-edukacyjna-strazakow-w-przedszkolu\/\">Read more<\/a><\/p>\n","protected":false},"author":10,"featured_media":0,"comment_status":"open","ping_status":"open","sticky":false,"template":"","format":"standard","meta":[],"categories":[10],"tags":[],"_links":{"self":[{"href":"http:\/\/przedszkole.kosowlacki.pl\/wordpress\/wp-json\/wp\/v2\/posts\/20353"}],"collection":[{"href":"http:\/\/przedszkole.kosowlacki.pl\/wordpress\/wp-json\/wp\/v2\/posts"}],"about":[{"href":"http:\/\/przedszkole.kosowlacki.pl\/wordpress\/wp-json\/wp\/v2\/types\/post"}],"author":[{"embeddable":true,"href":"http:\/\/przedszkole.kosowlacki.pl\/wordpress\/wp-json\/wp\/v2\/users\/10"}],"replies":[{"embeddable":true,"href":"http:\/\/przedszkole.kosowlacki.pl\/wordpress\/wp-json\/wp\/v2\/comments?post=20353"}],"version-history":[{"count":1,"href":"http:\/\/przedszkole.kosowlacki.pl\/wordpress\/wp-json\/wp\/v2\/posts\/20353\/revisions"}],"predecessor-version":[{"id":20355,"href":"http:\/\/przedszkole.kosowlacki.pl\/wordpress\/wp-json\/wp\/v2\/posts\/20353\/revisions\/20355"}],"wp:attachment":[{"href":"http:\/\/przedszkole.kosowlacki.pl\/wordpress\/wp-json\/wp\/v2\/media?parent=20353"}],"wp:term":[{"taxonomy":"category","embeddable":true,"href":"http:\/\/przedszkole.kosowlacki.pl\/wordpress\/wp-json\/wp\/v2\/categories?post=20353"},{"taxonomy":"post_tag","embeddable":true,"href":"http:\/\/przedszkole.kosowlacki.pl\/wordpress\/wp-json\/wp\/v2\/tags?post=20353"}],"curies":[{"name":"wp","href":"https:\/\/api.w.org\/{rel}","templated":true}]}}