{"id":20205,"date":"2025-03-10T13:16:54","date_gmt":"2025-03-10T12:16:54","guid":{"rendered":"http:\/\/przedszkole.kosowlacki.pl\/wordpress\/?p=20205"},"modified":"2025-03-10T13:18:22","modified_gmt":"2025-03-10T12:18:22","slug":"dzien-kolorowej-skarpetki-4","status":"publish","type":"post","link":"http:\/\/przedszkole.kosowlacki.pl\/wordpress\/dzien-kolorowej-skarpetki-4\/","title":{"rendered":"DZIE\u0143 KOLOROWEJ SKARPETKI"},"content":{"rendered":"<h3><span style=\"color: #ff0000;\">14 marca\u00a0(pi\u0105tek)<\/span> w naszym przedszkolu b\u0119dziemy obchodzi\u0107\u00a0<span style=\"color: #ff0000;\">DZIE\u0143\u00a0KOLOROWEJ SKARPETKI<\/span>. Zach\u0119camy dzieci do solidarno\u015bci z osobami z Zespo\u0142em Downa poprzez za\u0142o\u017cenie tego dnia kolorowych skarpetek ,,nie do pary\u201d.<\/h3>\n<p><img loading=\"lazy\" class=\"alignnone wp-image-20207 aligncenter\" src=\"http:\/\/przedszkole.kosowlacki.pl\/wordpress\/wp-content\/uploads\/2025\/03\/skarpetak.jpg\" alt=\"\" width=\"584\" height=\"361\" srcset=\"http:\/\/przedszkole.kosowlacki.pl\/wordpress\/wp-content\/uploads\/2025\/03\/skarpetak.jpg 374w, http:\/\/przedszkole.kosowlacki.pl\/wordpress\/wp-content\/uploads\/2025\/03\/skarpetak-300x185.jpg 300w\" sizes=\"(max-width: 584px) 100vw, 584px\" \/><\/p>\n","protected":false},"excerpt":{"rendered":"<p>14 marca\u00a0(pi\u0105tek) w naszym przedszkolu b\u0119dziemy obchodzi\u0107\u00a0DZIE\u0143\u00a0KOLOROWEJ SKARPETKI. Zach\u0119camy dzieci do solidarno\u015bci z osobami z Zespo\u0142em Downa poprzez za\u0142o\u017cenie tego dnia kolorowych skarpetek ,,nie do pary\u201d.<\/p>\n","protected":false},"author":2,"featured_media":0,"comment_status":"open","ping_status":"open","sticky":false,"template":"","format":"standard","meta":[],"categories":[11],"tags":[],"_links":{"self":[{"href":"http:\/\/przedszkole.kosowlacki.pl\/wordpress\/wp-json\/wp\/v2\/posts\/20205"}],"collection":[{"href":"http:\/\/przedszkole.kosowlacki.pl\/wordpress\/wp-json\/wp\/v2\/posts"}],"about":[{"href":"http:\/\/przedszkole.kosowlacki.pl\/wordpress\/wp-json\/wp\/v2\/types\/post"}],"author":[{"embeddable":true,"href":"http:\/\/przedszkole.kosowlacki.pl\/wordpress\/wp-json\/wp\/v2\/users\/2"}],"replies":[{"embeddable":true,"href":"http:\/\/przedszkole.kosowlacki.pl\/wordpress\/wp-json\/wp\/v2\/comments?post=20205"}],"version-history":[{"count":3,"href":"http:\/\/przedszkole.kosowlacki.pl\/wordpress\/wp-json\/wp\/v2\/posts\/20205\/revisions"}],"predecessor-version":[{"id":20210,"href":"http:\/\/przedszkole.kosowlacki.pl\/wordpress\/wp-json\/wp\/v2\/posts\/20205\/revisions\/20210"}],"wp:attachment":[{"href":"http:\/\/przedszkole.kosowlacki.pl\/wordpress\/wp-json\/wp\/v2\/media?parent=20205"}],"wp:term":[{"taxonomy":"category","embeddable":true,"href":"http:\/\/przedszkole.kosowlacki.pl\/wordpress\/wp-json\/wp\/v2\/categories?post=20205"},{"taxonomy":"post_tag","embeddable":true,"href":"http:\/\/przedszkole.kosowlacki.pl\/wordpress\/wp-json\/wp\/v2\/tags?post=20205"}],"curies":[{"name":"wp","href":"https:\/\/api.w.org\/{rel}","templated":true}]}}