{"id":20198,"date":"2025-03-07T12:54:57","date_gmt":"2025-03-07T11:54:57","guid":{"rendered":"http:\/\/przedszkole.kosowlacki.pl\/wordpress\/?p=20198"},"modified":"2025-03-07T13:04:59","modified_gmt":"2025-03-07T12:04:59","slug":"konkurs-muzyczny-moje-zdrowie","status":"publish","type":"post","link":"http:\/\/przedszkole.kosowlacki.pl\/wordpress\/konkurs-muzyczny-moje-zdrowie\/","title":{"rendered":"Konkurs muzyczny ,,Moje zdrowie&#8221;"},"content":{"rendered":"<h3 align=\"center\">Regulamin wewn\u0105trzprzedszkolnego muzycznego konkursu<\/h3>\n<h3 align=\"center\">,,Moje zdrowie\u201d<\/h3>\n<p><img loading=\"lazy\" class=\"alignnone wp-image-20201 aligncenter\" src=\"http:\/\/przedszkole.kosowlacki.pl\/wordpress\/wp-content\/uploads\/2025\/03\/nuty.png\" alt=\"\" width=\"355\" height=\"190\" srcset=\"http:\/\/przedszkole.kosowlacki.pl\/wordpress\/wp-content\/uploads\/2025\/03\/nuty.png 484w, http:\/\/przedszkole.kosowlacki.pl\/wordpress\/wp-content\/uploads\/2025\/03\/nuty-300x161.png 300w\" sizes=\"(max-width: 355px) 100vw, 355px\" \/><\/p>\n<p>&nbsp;<\/p>\n<h3>1. Organizator konkursu: Gminne Przedszkole w Kosowie\u00a0Lackim.<\/h3>\n<h3>2. Cele konkursu:<\/h3>\n<ul>\n<li>\n<h3>rozbudzanie u dzieci zami\u0142owania do \u015bpiewu,<\/h3>\n<\/li>\n<li>\n<h3>pr\u00f3ba pokonania nie\u015bmia\u0142o\u015bci dzieci poprzez publiczny wyst\u0119p,<\/h3>\n<\/li>\n<li>\n<h3>promowanie prawid\u0142owych postaw wobec zdrowia, zach\u0119canie dzieci do zdrowego stylu \u017cycia,<\/h3>\n<\/li>\n<\/ul>\n<h3>3. Data i miejsce konkursu:<\/h3>\n<ul>\n<li>\n<h3>08.04.2025r. Gminne Przedszkole w Kosowie Lackim,<\/h3>\n<\/li>\n<\/ul>\n<h3>4. Termin zg\u0142oszenia:<\/h3>\n<ul>\n<li>\n<h3>15.03.2025r.,<\/h3>\n<\/li>\n<\/ul>\n<h3>5.Uczestnicy:<\/h3>\n<ul>\n<li>\n<h3>wszystkie ch\u0119tne dzieci z przedszkola,<\/h3>\n<\/li>\n<\/ul>\n<h3>6. Warunki uczestnictwa:<\/h3>\n<ul>\n<li>\n<h3>ka\u017cdy uczestnik wykonuje jedn\u0105 piosenk\u0119,<\/h3>\n<\/li>\n<li>\n<h3>tematyka piosenki zwi\u0105zana jest ze zdrowiem,<\/h3>\n<\/li>\n<li>\n<h3>nagran\u0105 piosenk\u0119 nale\u017cy dostarczy\u0107 na pendrive,<\/h3>\n<\/li>\n<\/ul>\n<h3>7. Kryteria oceniania:<\/h3>\n<h3>Organizator powo\u0142uje Komisj\u0119 Konkursow\u0105, kt\u00f3ra ocenia\u0107 b\u0119dzie:<\/h3>\n<ul>\n<li>\n<h3>muzykalno\u015b\u0107,<\/h3>\n<\/li>\n<li>\n<h3>prezentacj\u0119 sceniczn\u0105 uczestnika,<\/h3>\n<\/li>\n<li>\n<h3>dob\u00f3r repertuaru dostosowany do tematyki konkursu,<\/h3>\n<\/li>\n<\/ul>\n<h3>8. Nagrody:<\/h3>\n<ul>\n<li>\n<h3>ka\u017cdy uczestnik bior\u0105cy udzia\u0142 w konkursie otrzyma dyplom oraz nagrod\u0119.<\/h3>\n<\/li>\n<\/ul>\n<h3 align=\"right\"><\/h3>\n<h3 align=\"right\">Osoby odpowiedzialne:<\/h3>\n<h4 align=\"right\">Justyna Bielarska,<\/h4>\n<h4 align=\"right\">Beata Leszczy\u0144ska,<\/h4>\n<h4 align=\"right\">Ma\u0142gorzata Zakrzewska,<\/h4>\n<h4 align=\"right\">Katarzyna Trebnio<\/h4>\n<h4><\/h4>\n<p>&nbsp;<\/p>\n","protected":false},"excerpt":{"rendered":"<p>Regulamin wewn\u0105trzprzedszkolnego muzycznego konkursu ,,Moje zdrowie\u201d &nbsp; 1. Organizator konkursu: Gminne Przedszkole w Kosowie\u00a0Lackim. 2. Cele konkursu: rozbudzanie u dzieci zami\u0142owania do \u015bpiewu, pr\u00f3ba pokonania nie\u015bmia\u0142o\u015bci dzieci poprzez publiczny wyst\u0119p, promowanie prawid\u0142owych postaw wobec zdrowia, zach\u0119canie dzieci do zdrowego stylu \u017cycia, 3. Data i miejsce konkursu: 08.04.2025r. Gminne Przedszkole w Kosowie Lackim, 4. Termin zg\u0142oszenia:&hellip; <br \/> <a class=\"read-more\" href=\"http:\/\/przedszkole.kosowlacki.pl\/wordpress\/konkurs-muzyczny-moje-zdrowie\/\">Read more<\/a><\/p>\n","protected":false},"author":2,"featured_media":0,"comment_status":"open","ping_status":"open","sticky":false,"template":"","format":"standard","meta":[],"categories":[11],"tags":[],"_links":{"self":[{"href":"http:\/\/przedszkole.kosowlacki.pl\/wordpress\/wp-json\/wp\/v2\/posts\/20198"}],"collection":[{"href":"http:\/\/przedszkole.kosowlacki.pl\/wordpress\/wp-json\/wp\/v2\/posts"}],"about":[{"href":"http:\/\/przedszkole.kosowlacki.pl\/wordpress\/wp-json\/wp\/v2\/types\/post"}],"author":[{"embeddable":true,"href":"http:\/\/przedszkole.kosowlacki.pl\/wordpress\/wp-json\/wp\/v2\/users\/2"}],"replies":[{"embeddable":true,"href":"http:\/\/przedszkole.kosowlacki.pl\/wordpress\/wp-json\/wp\/v2\/comments?post=20198"}],"version-history":[{"count":5,"href":"http:\/\/przedszkole.kosowlacki.pl\/wordpress\/wp-json\/wp\/v2\/posts\/20198\/revisions"}],"predecessor-version":[{"id":20204,"href":"http:\/\/przedszkole.kosowlacki.pl\/wordpress\/wp-json\/wp\/v2\/posts\/20198\/revisions\/20204"}],"wp:attachment":[{"href":"http:\/\/przedszkole.kosowlacki.pl\/wordpress\/wp-json\/wp\/v2\/media?parent=20198"}],"wp:term":[{"taxonomy":"category","embeddable":true,"href":"http:\/\/przedszkole.kosowlacki.pl\/wordpress\/wp-json\/wp\/v2\/categories?post=20198"},{"taxonomy":"post_tag","embeddable":true,"href":"http:\/\/przedszkole.kosowlacki.pl\/wordpress\/wp-json\/wp\/v2\/tags?post=20198"}],"curies":[{"name":"wp","href":"https:\/\/api.w.org\/{rel}","templated":true}]}}