{"id":19818,"date":"2024-12-20T09:05:48","date_gmt":"2024-12-20T08:05:48","guid":{"rendered":"http:\/\/przedszkole.kosowlacki.pl\/wordpress\/?p=19818"},"modified":"2024-12-20T09:24:50","modified_gmt":"2024-12-20T08:24:50","slug":"dekorowanie-piernikow","status":"publish","type":"post","link":"http:\/\/przedszkole.kosowlacki.pl\/wordpress\/dekorowanie-piernikow\/","title":{"rendered":"Dekorowanie piernik\u00f3w w 5-latkach"},"content":{"rendered":"<p style=\"text-align: center;\">\u201e\u015aWI\u0104TECZNE PIERNIKI, SERDUSZKA, DZWONECZKI \u2026<\/p>\n<p style=\"text-align: center;\">RUMIANE, PACHN\u0104CE, PI\u0118KNIE PRZYSTROJONE<\/p>\n<p style=\"text-align: center;\">PEWNIE NA CHOINCE B\u0118D\u0104 ZAWIESZONE\u201d<\/p>\n<p style=\"text-align: center;\">Przed\u015bwi\u0105teczny czas ka\u017cdemu kojarzy si\u0119 z pieczeniem i dekorowaniem pierniczk\u00f3w oraz wsp\u00f3lnym kol\u0119dowaniem. R\u00f3wnie\u017c w naszym przedszkolu nie mog\u0142o tego zabrakn\u0105\u0107.\u00a0 Dekorowanie piernik\u00f3w to tradycja, kt\u00f3ra nie tylko wprowadza dzieci w \u015bwi\u0105teczny nastr\u00f3j, ale r\u00f3wnie\u017c rozwija ich kreatywno\u015b\u0107 oraz zdolno\u015bci manualne.<\/p>\n<p style=\"text-align: center;\">17 i 18 grudnia dzieci z grup Biedronki i Muchomorki z wielkim zaanga\u017cowaniem zabra\u0142y si\u0119 za dekorowanie ciasteczek. Wykorzysta\u0142y przy tym lukier w r\u00f3\u017cnych kolorach oraz barwn\u0105 posypk\u0119. Ka\u017cdy pierniczek by\u0142 wyj\u0105tkowy, gdy\u017c przedszkolaki wykaza\u0142y si\u0119 du\u017c\u0105 pomys\u0142owo\u015bci\u0105 podczas pracy. Po skosztowaniu udekorowanych wypiek\u00f3w, cz\u0119\u015b\u0107 z nich zosta\u0142a spakowana i ka\u017cde dziecko zabra\u0142o swoje s\u0142odko\u015bci do domu.<\/p>\n<p style=\"text-align: center;\">Dzi\u0119kujemy rodzicom za pomoc w organizacji.<\/p>\n<p style=\"text-align: right;\">J. Bielarska<\/p>\n<p style=\"text-align: right;\">B. Leszczy\u0144ska<\/p>\n<p style=\"text-align: right;\">\n","protected":false},"excerpt":{"rendered":"<p>\u201e\u015aWI\u0104TECZNE PIERNIKI, SERDUSZKA, DZWONECZKI \u2026 RUMIANE, PACHN\u0104CE, PI\u0118KNIE PRZYSTROJONE PEWNIE NA CHOINCE B\u0118D\u0104 ZAWIESZONE\u201d Przed\u015bwi\u0105teczny czas ka\u017cdemu kojarzy si\u0119 z pieczeniem i dekorowaniem pierniczk\u00f3w oraz wsp\u00f3lnym kol\u0119dowaniem. R\u00f3wnie\u017c w naszym przedszkolu nie mog\u0142o tego zabrakn\u0105\u0107.\u00a0 Dekorowanie piernik\u00f3w to tradycja, kt\u00f3ra nie tylko wprowadza dzieci w \u015bwi\u0105teczny nastr\u00f3j, ale r\u00f3wnie\u017c rozwija ich kreatywno\u015b\u0107 oraz zdolno\u015bci manualne.&hellip; <br \/> <a class=\"read-more\" href=\"http:\/\/przedszkole.kosowlacki.pl\/wordpress\/dekorowanie-piernikow\/\">Read more<\/a><\/p>\n","protected":false},"author":9,"featured_media":0,"comment_status":"open","ping_status":"open","sticky":false,"template":"","format":"standard","meta":[],"categories":[10],"tags":[],"_links":{"self":[{"href":"http:\/\/przedszkole.kosowlacki.pl\/wordpress\/wp-json\/wp\/v2\/posts\/19818"}],"collection":[{"href":"http:\/\/przedszkole.kosowlacki.pl\/wordpress\/wp-json\/wp\/v2\/posts"}],"about":[{"href":"http:\/\/przedszkole.kosowlacki.pl\/wordpress\/wp-json\/wp\/v2\/types\/post"}],"author":[{"embeddable":true,"href":"http:\/\/przedszkole.kosowlacki.pl\/wordpress\/wp-json\/wp\/v2\/users\/9"}],"replies":[{"embeddable":true,"href":"http:\/\/przedszkole.kosowlacki.pl\/wordpress\/wp-json\/wp\/v2\/comments?post=19818"}],"version-history":[{"count":5,"href":"http:\/\/przedszkole.kosowlacki.pl\/wordpress\/wp-json\/wp\/v2\/posts\/19818\/revisions"}],"predecessor-version":[{"id":19823,"href":"http:\/\/przedszkole.kosowlacki.pl\/wordpress\/wp-json\/wp\/v2\/posts\/19818\/revisions\/19823"}],"wp:attachment":[{"href":"http:\/\/przedszkole.kosowlacki.pl\/wordpress\/wp-json\/wp\/v2\/media?parent=19818"}],"wp:term":[{"taxonomy":"category","embeddable":true,"href":"http:\/\/przedszkole.kosowlacki.pl\/wordpress\/wp-json\/wp\/v2\/categories?post=19818"},{"taxonomy":"post_tag","embeddable":true,"href":"http:\/\/przedszkole.kosowlacki.pl\/wordpress\/wp-json\/wp\/v2\/tags?post=19818"}],"curies":[{"name":"wp","href":"https:\/\/api.w.org\/{rel}","templated":true}]}}