{"id":19813,"date":"2024-12-18T13:36:05","date_gmt":"2024-12-18T12:36:05","guid":{"rendered":"http:\/\/przedszkole.kosowlacki.pl\/wordpress\/?p=19813"},"modified":"2024-12-18T13:36:42","modified_gmt":"2024-12-18T12:36:42","slug":"konkurs-ozdoba-bozonarodzeniowa-w-niecieczy","status":"publish","type":"post","link":"http:\/\/przedszkole.kosowlacki.pl\/wordpress\/konkurs-ozdoba-bozonarodzeniowa-w-niecieczy\/","title":{"rendered":"Konkurs &#8222;Ozdoba Bo\u017conarodzeniowa&#8221; w Niecieczy"},"content":{"rendered":"<p style=\"text-align: center;\">13 grudnia w Niecieczy odby\u0142o si\u0119 rozstrzygni\u0119cie konkursu \u201eOzdoba Bo\u017conarodzeniowa\u201d, kt\u00f3rego organizatorem by\u0142a Niepubliczna Szko\u0142a Podstawowa w Niecieczy pod patronatem Starosty Powiatu Soko\u0142owskiego. Z naszego przedszkola udzia\u0142 wzi\u0119\u0142o 8 prac dzieci. Konkurs mia\u0142 na celu kultywowanie tradycji i zwyczaj\u00f3w Bo\u017conarodzeniowych, rozwijanie talentu artystycznego przedszkolak\u00f3w oraz pog\u0142\u0119bianie wi\u0119zi rodzinnych.<\/p>\n<p style=\"text-align: center;\">W pierwszej kategorii wiekowej Mi\u0142osz Gulski z grupy \u201eMuchomorki\u201d zaj\u0105\u0142 I miejsce, natomiast Julia Mas\u0142owska z grupy \u201eMisie\u201d zdoby\u0142a wyr\u00f3\u017cnienie. Dzieci otrzyma\u0142y dyplomy oraz nagrody.<\/p>\n<p style=\"text-align: center;\">Serdecznie Gratulujemy!<\/p>\n<p>&nbsp;<\/p>\n<p style=\"text-align: right;\">P. Osipiak<\/p>\n","protected":false},"excerpt":{"rendered":"<p>13 grudnia w Niecieczy odby\u0142o si\u0119 rozstrzygni\u0119cie konkursu \u201eOzdoba Bo\u017conarodzeniowa\u201d, kt\u00f3rego organizatorem by\u0142a Niepubliczna Szko\u0142a Podstawowa w Niecieczy pod patronatem Starosty Powiatu Soko\u0142owskiego. Z naszego przedszkola udzia\u0142 wzi\u0119\u0142o 8 prac dzieci. Konkurs mia\u0142 na celu kultywowanie tradycji i zwyczaj\u00f3w Bo\u017conarodzeniowych, rozwijanie talentu artystycznego przedszkolak\u00f3w oraz pog\u0142\u0119bianie wi\u0119zi rodzinnych. W pierwszej kategorii wiekowej Mi\u0142osz Gulski z&hellip; <br \/> <a class=\"read-more\" href=\"http:\/\/przedszkole.kosowlacki.pl\/wordpress\/konkurs-ozdoba-bozonarodzeniowa-w-niecieczy\/\">Read more<\/a><\/p>\n","protected":false},"author":9,"featured_media":0,"comment_status":"open","ping_status":"open","sticky":false,"template":"","format":"standard","meta":[],"categories":[1,10],"tags":[],"_links":{"self":[{"href":"http:\/\/przedszkole.kosowlacki.pl\/wordpress\/wp-json\/wp\/v2\/posts\/19813"}],"collection":[{"href":"http:\/\/przedszkole.kosowlacki.pl\/wordpress\/wp-json\/wp\/v2\/posts"}],"about":[{"href":"http:\/\/przedszkole.kosowlacki.pl\/wordpress\/wp-json\/wp\/v2\/types\/post"}],"author":[{"embeddable":true,"href":"http:\/\/przedszkole.kosowlacki.pl\/wordpress\/wp-json\/wp\/v2\/users\/9"}],"replies":[{"embeddable":true,"href":"http:\/\/przedszkole.kosowlacki.pl\/wordpress\/wp-json\/wp\/v2\/comments?post=19813"}],"version-history":[{"count":4,"href":"http:\/\/przedszkole.kosowlacki.pl\/wordpress\/wp-json\/wp\/v2\/posts\/19813\/revisions"}],"predecessor-version":[{"id":19817,"href":"http:\/\/przedszkole.kosowlacki.pl\/wordpress\/wp-json\/wp\/v2\/posts\/19813\/revisions\/19817"}],"wp:attachment":[{"href":"http:\/\/przedszkole.kosowlacki.pl\/wordpress\/wp-json\/wp\/v2\/media?parent=19813"}],"wp:term":[{"taxonomy":"category","embeddable":true,"href":"http:\/\/przedszkole.kosowlacki.pl\/wordpress\/wp-json\/wp\/v2\/categories?post=19813"},{"taxonomy":"post_tag","embeddable":true,"href":"http:\/\/przedszkole.kosowlacki.pl\/wordpress\/wp-json\/wp\/v2\/tags?post=19813"}],"curies":[{"name":"wp","href":"https:\/\/api.w.org\/{rel}","templated":true}]}}