{"id":19733,"date":"2024-12-10T13:00:40","date_gmt":"2024-12-10T12:00:40","guid":{"rendered":"http:\/\/przedszkole.kosowlacki.pl\/wordpress\/?p=19733"},"modified":"2024-12-10T13:24:58","modified_gmt":"2024-12-10T12:24:58","slug":"jaselka-w-przedszkolu-3","status":"publish","type":"post","link":"http:\/\/przedszkole.kosowlacki.pl\/wordpress\/jaselka-w-przedszkolu-3\/","title":{"rendered":"Jase\u0142ka w przedszkolu"},"content":{"rendered":"<h2 style=\"text-align: center;\"><span style=\"color: #000000;\">Serdecznie zapraszamy Rodzic\u00f3w dzieci <span style=\"color: #ff6600;\">6 letnich<\/span> <span style=\"color: #ff6600;\">( S\u0142oneczka i Motylki)<\/span> na Jase\u0142ka, kt\u00f3re odb\u0119d\u0105<\/span> <span style=\"color: #000000;\">si\u0119<\/span> <span style=\"color: #ff0000;\">19 grudnia <span style=\"color: #000000;\">(czwartek) o godzinie <span style=\"color: #ff6600;\">10.00<\/span> w sali gimnastycznej<\/span><\/span><span style=\"color: #000000;\">.<\/span><\/h2>\n<p><img loading=\"lazy\" class=\"wp-image-19734 aligncenter\" src=\"http:\/\/przedszkole.kosowlacki.pl\/wordpress\/wp-content\/uploads\/2024\/12\/Jaselka-w-szkole.jpg\" alt=\"\" width=\"743\" height=\"418\" srcset=\"http:\/\/przedszkole.kosowlacki.pl\/wordpress\/wp-content\/uploads\/2024\/12\/Jaselka-w-szkole.jpg 1920w, http:\/\/przedszkole.kosowlacki.pl\/wordpress\/wp-content\/uploads\/2024\/12\/Jaselka-w-szkole-300x169.jpg 300w, http:\/\/przedszkole.kosowlacki.pl\/wordpress\/wp-content\/uploads\/2024\/12\/Jaselka-w-szkole-1024x576.jpg 1024w, http:\/\/przedszkole.kosowlacki.pl\/wordpress\/wp-content\/uploads\/2024\/12\/Jaselka-w-szkole-768x432.jpg 768w, http:\/\/przedszkole.kosowlacki.pl\/wordpress\/wp-content\/uploads\/2024\/12\/Jaselka-w-szkole-1536x864.jpg 1536w\" sizes=\"(max-width: 743px) 100vw, 743px\" \/><\/p>\n","protected":false},"excerpt":{"rendered":"<p>Serdecznie zapraszamy Rodzic\u00f3w dzieci 6 letnich ( S\u0142oneczka i Motylki) na Jase\u0142ka, kt\u00f3re odb\u0119d\u0105 si\u0119 19 grudnia (czwartek) o godzinie 10.00 w sali gimnastycznej.<\/p>\n","protected":false},"author":2,"featured_media":0,"comment_status":"open","ping_status":"open","sticky":false,"template":"","format":"standard","meta":[],"categories":[11],"tags":[],"_links":{"self":[{"href":"http:\/\/przedszkole.kosowlacki.pl\/wordpress\/wp-json\/wp\/v2\/posts\/19733"}],"collection":[{"href":"http:\/\/przedszkole.kosowlacki.pl\/wordpress\/wp-json\/wp\/v2\/posts"}],"about":[{"href":"http:\/\/przedszkole.kosowlacki.pl\/wordpress\/wp-json\/wp\/v2\/types\/post"}],"author":[{"embeddable":true,"href":"http:\/\/przedszkole.kosowlacki.pl\/wordpress\/wp-json\/wp\/v2\/users\/2"}],"replies":[{"embeddable":true,"href":"http:\/\/przedszkole.kosowlacki.pl\/wordpress\/wp-json\/wp\/v2\/comments?post=19733"}],"version-history":[{"count":10,"href":"http:\/\/przedszkole.kosowlacki.pl\/wordpress\/wp-json\/wp\/v2\/posts\/19733\/revisions"}],"predecessor-version":[{"id":19744,"href":"http:\/\/przedszkole.kosowlacki.pl\/wordpress\/wp-json\/wp\/v2\/posts\/19733\/revisions\/19744"}],"wp:attachment":[{"href":"http:\/\/przedszkole.kosowlacki.pl\/wordpress\/wp-json\/wp\/v2\/media?parent=19733"}],"wp:term":[{"taxonomy":"category","embeddable":true,"href":"http:\/\/przedszkole.kosowlacki.pl\/wordpress\/wp-json\/wp\/v2\/categories?post=19733"},{"taxonomy":"post_tag","embeddable":true,"href":"http:\/\/przedszkole.kosowlacki.pl\/wordpress\/wp-json\/wp\/v2\/tags?post=19733"}],"curies":[{"name":"wp","href":"https:\/\/api.w.org\/{rel}","templated":true}]}}