{"id":19728,"date":"2024-12-09T12:48:29","date_gmt":"2024-12-09T11:48:29","guid":{"rendered":"http:\/\/przedszkole.kosowlacki.pl\/wordpress\/?p=19728"},"modified":"2024-12-09T12:48:36","modified_gmt":"2024-12-09T11:48:36","slug":"podziekowania-za-zorganizowanie-obchodow-miedzynarodowego-dnia-praw-dziecka","status":"publish","type":"post","link":"http:\/\/przedszkole.kosowlacki.pl\/wordpress\/podziekowania-za-zorganizowanie-obchodow-miedzynarodowego-dnia-praw-dziecka\/","title":{"rendered":"Podzi\u0119kowania za zorganizowanie obchod\u00f3w &#8222;Mi\u0119dzynarodowego Dnia Praw Dziecka&#8221;"},"content":{"rendered":"<p><img loading=\"lazy\" class=\"alignnone size-full wp-image-19729\" src=\"http:\/\/przedszkole.kosowlacki.pl\/wordpress\/wp-content\/uploads\/2024\/12\/024e6aaf-d65f-4b22-9da8-06f6961b2a06.jpg\" alt=\"\" width=\"1007\" height=\"1419\" srcset=\"http:\/\/przedszkole.kosowlacki.pl\/wordpress\/wp-content\/uploads\/2024\/12\/024e6aaf-d65f-4b22-9da8-06f6961b2a06.jpg 1007w, http:\/\/przedszkole.kosowlacki.pl\/wordpress\/wp-content\/uploads\/2024\/12\/024e6aaf-d65f-4b22-9da8-06f6961b2a06-213x300.jpg 213w, http:\/\/przedszkole.kosowlacki.pl\/wordpress\/wp-content\/uploads\/2024\/12\/024e6aaf-d65f-4b22-9da8-06f6961b2a06-727x1024.jpg 727w, http:\/\/przedszkole.kosowlacki.pl\/wordpress\/wp-content\/uploads\/2024\/12\/024e6aaf-d65f-4b22-9da8-06f6961b2a06-768x1082.jpg 768w, http:\/\/przedszkole.kosowlacki.pl\/wordpress\/wp-content\/uploads\/2024\/12\/024e6aaf-d65f-4b22-9da8-06f6961b2a06-766x1080.jpg 766w\" sizes=\"(max-width: 1007px) 100vw, 1007px\" \/><\/p>\n","protected":false},"excerpt":{"rendered":"","protected":false},"author":9,"featured_media":0,"comment_status":"open","ping_status":"open","sticky":false,"template":"","format":"standard","meta":[],"categories":[1,10],"tags":[],"_links":{"self":[{"href":"http:\/\/przedszkole.kosowlacki.pl\/wordpress\/wp-json\/wp\/v2\/posts\/19728"}],"collection":[{"href":"http:\/\/przedszkole.kosowlacki.pl\/wordpress\/wp-json\/wp\/v2\/posts"}],"about":[{"href":"http:\/\/przedszkole.kosowlacki.pl\/wordpress\/wp-json\/wp\/v2\/types\/post"}],"author":[{"embeddable":true,"href":"http:\/\/przedszkole.kosowlacki.pl\/wordpress\/wp-json\/wp\/v2\/users\/9"}],"replies":[{"embeddable":true,"href":"http:\/\/przedszkole.kosowlacki.pl\/wordpress\/wp-json\/wp\/v2\/comments?post=19728"}],"version-history":[{"count":2,"href":"http:\/\/przedszkole.kosowlacki.pl\/wordpress\/wp-json\/wp\/v2\/posts\/19728\/revisions"}],"predecessor-version":[{"id":19731,"href":"http:\/\/przedszkole.kosowlacki.pl\/wordpress\/wp-json\/wp\/v2\/posts\/19728\/revisions\/19731"}],"wp:attachment":[{"href":"http:\/\/przedszkole.kosowlacki.pl\/wordpress\/wp-json\/wp\/v2\/media?parent=19728"}],"wp:term":[{"taxonomy":"category","embeddable":true,"href":"http:\/\/przedszkole.kosowlacki.pl\/wordpress\/wp-json\/wp\/v2\/categories?post=19728"},{"taxonomy":"post_tag","embeddable":true,"href":"http:\/\/przedszkole.kosowlacki.pl\/wordpress\/wp-json\/wp\/v2\/tags?post=19728"}],"curies":[{"name":"wp","href":"https:\/\/api.w.org\/{rel}","templated":true}]}}