{"id":19725,"date":"2024-12-09T12:44:14","date_gmt":"2024-12-09T11:44:14","guid":{"rendered":"http:\/\/przedszkole.kosowlacki.pl\/wordpress\/?p=19725"},"modified":"2024-12-09T12:44:42","modified_gmt":"2024-12-09T11:44:42","slug":"podziekowanie-za-udzial-w-akcji-dziecinstwo-bez-przemocy","status":"publish","type":"post","link":"http:\/\/przedszkole.kosowlacki.pl\/wordpress\/podziekowanie-za-udzial-w-akcji-dziecinstwo-bez-przemocy\/","title":{"rendered":"Podzi\u0119kowanie za udzia\u0142 w akcji &#8222;Dzieci\u0144stwo bez przemocy&#8221;"},"content":{"rendered":"<p><img loading=\"lazy\" class=\"alignnone size-full wp-image-19726\" src=\"http:\/\/przedszkole.kosowlacki.pl\/wordpress\/wp-content\/uploads\/2024\/12\/Podziekowania-grafika-2-scaled.jpg\" alt=\"\" width=\"1811\" height=\"2560\" srcset=\"http:\/\/przedszkole.kosowlacki.pl\/wordpress\/wp-content\/uploads\/2024\/12\/Podziekowania-grafika-2-scaled.jpg 1811w, http:\/\/przedszkole.kosowlacki.pl\/wordpress\/wp-content\/uploads\/2024\/12\/Podziekowania-grafika-2-212x300.jpg 212w, http:\/\/przedszkole.kosowlacki.pl\/wordpress\/wp-content\/uploads\/2024\/12\/Podziekowania-grafika-2-724x1024.jpg 724w, http:\/\/przedszkole.kosowlacki.pl\/wordpress\/wp-content\/uploads\/2024\/12\/Podziekowania-grafika-2-768x1086.jpg 768w, http:\/\/przedszkole.kosowlacki.pl\/wordpress\/wp-content\/uploads\/2024\/12\/Podziekowania-grafika-2-1086x1536.jpg 1086w, http:\/\/przedszkole.kosowlacki.pl\/wordpress\/wp-content\/uploads\/2024\/12\/Podziekowania-grafika-2-1449x2048.jpg 1449w, http:\/\/przedszkole.kosowlacki.pl\/wordpress\/wp-content\/uploads\/2024\/12\/Podziekowania-grafika-2-1024x1448.jpg 1024w, http:\/\/przedszkole.kosowlacki.pl\/wordpress\/wp-content\/uploads\/2024\/12\/Podziekowania-grafika-2-764x1080.jpg 764w\" sizes=\"(max-width: 1811px) 100vw, 1811px\" \/><\/p>\n","protected":false},"excerpt":{"rendered":"","protected":false},"author":9,"featured_media":0,"comment_status":"open","ping_status":"open","sticky":false,"template":"","format":"standard","meta":[],"categories":[1,10],"tags":[],"_links":{"self":[{"href":"http:\/\/przedszkole.kosowlacki.pl\/wordpress\/wp-json\/wp\/v2\/posts\/19725"}],"collection":[{"href":"http:\/\/przedszkole.kosowlacki.pl\/wordpress\/wp-json\/wp\/v2\/posts"}],"about":[{"href":"http:\/\/przedszkole.kosowlacki.pl\/wordpress\/wp-json\/wp\/v2\/types\/post"}],"author":[{"embeddable":true,"href":"http:\/\/przedszkole.kosowlacki.pl\/wordpress\/wp-json\/wp\/v2\/users\/9"}],"replies":[{"embeddable":true,"href":"http:\/\/przedszkole.kosowlacki.pl\/wordpress\/wp-json\/wp\/v2\/comments?post=19725"}],"version-history":[{"count":1,"href":"http:\/\/przedszkole.kosowlacki.pl\/wordpress\/wp-json\/wp\/v2\/posts\/19725\/revisions"}],"predecessor-version":[{"id":19727,"href":"http:\/\/przedszkole.kosowlacki.pl\/wordpress\/wp-json\/wp\/v2\/posts\/19725\/revisions\/19727"}],"wp:attachment":[{"href":"http:\/\/przedszkole.kosowlacki.pl\/wordpress\/wp-json\/wp\/v2\/media?parent=19725"}],"wp:term":[{"taxonomy":"category","embeddable":true,"href":"http:\/\/przedszkole.kosowlacki.pl\/wordpress\/wp-json\/wp\/v2\/categories?post=19725"},{"taxonomy":"post_tag","embeddable":true,"href":"http:\/\/przedszkole.kosowlacki.pl\/wordpress\/wp-json\/wp\/v2\/tags?post=19725"}],"curies":[{"name":"wp","href":"https:\/\/api.w.org\/{rel}","templated":true}]}}