{"id":19317,"date":"2024-12-02T13:57:05","date_gmt":"2024-12-02T12:57:05","guid":{"rendered":"http:\/\/przedszkole.kosowlacki.pl\/wordpress\/?p=19317"},"modified":"2024-12-02T13:57:05","modified_gmt":"2024-12-02T12:57:05","slug":"pokaz-talentow-w-mgok-w-kosowie-lackim","status":"publish","type":"post","link":"http:\/\/przedszkole.kosowlacki.pl\/wordpress\/pokaz-talentow-w-mgok-w-kosowie-lackim\/","title":{"rendered":"\u201ePokaz Talent\u00f3w\u201d w MGOK w Kosowie Lackim"},"content":{"rendered":"<p style=\"text-align: center;\">\u00a0\u00a0\u00a0\u00a0 Dnia 30 listopada 2024r dzieci z grupy \u201e Muchomorki\u201d i \u201e Biedronki\u201d uczestniczy\u0142y w konkursie \u201e Pokaz talent\u00f3w\u201d organizowanym przez Stowarzyszenie na Rzecz Dzieci i M\u0142odzie\u017cy Miasta i Gminy Kos\u00f3w Lacki.<\/p>\n<p style=\"text-align: center;\">\u00a0\u00a0\u00a0\u00a0\u00a0 Dzieci 5-letnie wykona\u0142y uk\u0142ad taneczny do piosenki \u201e Youre The OneThat I Want\u201d, podczas kt\u00f3rego wspaniale zaprezentowa\u0142y swoje umiej\u0119tno\u015bci i zdolno\u015bci taneczne. Wyst\u0119p zosta\u0142 doceniony przez publiczno\u015b\u0107 gromkimi brawami a w nagrod\u0119 dzieci otrzyma\u0142y wyr\u00f3\u017cnienie w konkursie oraz nagrody indywidualne.<\/p>\n<p style=\"text-align: center;\">\n<p style=\"text-align: center;\">\u00a0 Gratulujemy wyst\u0119pu naszym ma\u0142ym Artystom.<\/p>\n<p>&nbsp;<\/p>\n<p style=\"text-align: right;\">Justyna Bielarska<\/p>\n<p style=\"text-align: right;\">Beata Leszczy\u0144ska<\/p>\n<p>&nbsp;<\/p>\n","protected":false},"excerpt":{"rendered":"<p>\u00a0\u00a0\u00a0\u00a0 Dnia 30 listopada 2024r dzieci z grupy \u201e Muchomorki\u201d i \u201e Biedronki\u201d uczestniczy\u0142y w konkursie \u201e Pokaz talent\u00f3w\u201d organizowanym przez Stowarzyszenie na Rzecz Dzieci i M\u0142odzie\u017cy Miasta i Gminy Kos\u00f3w Lacki. \u00a0\u00a0\u00a0\u00a0\u00a0 Dzieci 5-letnie wykona\u0142y uk\u0142ad taneczny do piosenki \u201e Youre The OneThat I Want\u201d, podczas kt\u00f3rego wspaniale zaprezentowa\u0142y swoje umiej\u0119tno\u015bci i zdolno\u015bci taneczne.&hellip; <br \/> <a class=\"read-more\" href=\"http:\/\/przedszkole.kosowlacki.pl\/wordpress\/pokaz-talentow-w-mgok-w-kosowie-lackim\/\">Read more<\/a><\/p>\n","protected":false},"author":9,"featured_media":0,"comment_status":"open","ping_status":"open","sticky":false,"template":"","format":"standard","meta":[],"categories":[1],"tags":[],"_links":{"self":[{"href":"http:\/\/przedszkole.kosowlacki.pl\/wordpress\/wp-json\/wp\/v2\/posts\/19317"}],"collection":[{"href":"http:\/\/przedszkole.kosowlacki.pl\/wordpress\/wp-json\/wp\/v2\/posts"}],"about":[{"href":"http:\/\/przedszkole.kosowlacki.pl\/wordpress\/wp-json\/wp\/v2\/types\/post"}],"author":[{"embeddable":true,"href":"http:\/\/przedszkole.kosowlacki.pl\/wordpress\/wp-json\/wp\/v2\/users\/9"}],"replies":[{"embeddable":true,"href":"http:\/\/przedszkole.kosowlacki.pl\/wordpress\/wp-json\/wp\/v2\/comments?post=19317"}],"version-history":[{"count":2,"href":"http:\/\/przedszkole.kosowlacki.pl\/wordpress\/wp-json\/wp\/v2\/posts\/19317\/revisions"}],"predecessor-version":[{"id":19319,"href":"http:\/\/przedszkole.kosowlacki.pl\/wordpress\/wp-json\/wp\/v2\/posts\/19317\/revisions\/19319"}],"wp:attachment":[{"href":"http:\/\/przedszkole.kosowlacki.pl\/wordpress\/wp-json\/wp\/v2\/media?parent=19317"}],"wp:term":[{"taxonomy":"category","embeddable":true,"href":"http:\/\/przedszkole.kosowlacki.pl\/wordpress\/wp-json\/wp\/v2\/categories?post=19317"},{"taxonomy":"post_tag","embeddable":true,"href":"http:\/\/przedszkole.kosowlacki.pl\/wordpress\/wp-json\/wp\/v2\/tags?post=19317"}],"curies":[{"name":"wp","href":"https:\/\/api.w.org\/{rel}","templated":true}]}}