{"id":19313,"date":"2024-12-02T10:23:14","date_gmt":"2024-12-02T09:23:14","guid":{"rendered":"http:\/\/przedszkole.kosowlacki.pl\/wordpress\/?p=19313"},"modified":"2024-12-02T10:23:55","modified_gmt":"2024-12-02T09:23:55","slug":"mikolajki-w-przedszkolu-2","status":"publish","type":"post","link":"http:\/\/przedszkole.kosowlacki.pl\/wordpress\/mikolajki-w-przedszkolu-2\/","title":{"rendered":"Miko\u0142ajki w przedszkolu"},"content":{"rendered":"<h3>W dniu <span style=\"color: #ff0000;\">6 grudnia<\/span> (pi\u0105tek) nasze przedszkole odwiedzi \u015bwi\u0119ty Miko\u0142aj, aby wr\u0119czy\u0107 dzieciom drobne upominki.<\/h3>\n<h3>Prosimy, \u017ceby dzieci w tym dniu w miar\u0119 mo\u017cliwo\u015bci przysz\u0142y ubrane do przedszkola na czerwono oraz przynios\u0142y czapk\u0119 Miko\u0142ajow\u0105.<\/h3>\n<h3>Dzi\u0119kujemy!<\/h3>\n<p><img loading=\"lazy\" class=\" wp-image-19314 aligncenter\" src=\"http:\/\/przedszkole.kosowlacki.pl\/wordpress\/wp-content\/uploads\/2024\/12\/miko2.jpg\" alt=\"\" width=\"391\" height=\"408\" srcset=\"http:\/\/przedszkole.kosowlacki.pl\/wordpress\/wp-content\/uploads\/2024\/12\/miko2.jpg 736w, http:\/\/przedszkole.kosowlacki.pl\/wordpress\/wp-content\/uploads\/2024\/12\/miko2-288x300.jpg 288w\" sizes=\"(max-width: 391px) 100vw, 391px\" \/><\/p>\n","protected":false},"excerpt":{"rendered":"<p>W dniu 6 grudnia (pi\u0105tek) nasze przedszkole odwiedzi \u015bwi\u0119ty Miko\u0142aj, aby wr\u0119czy\u0107 dzieciom drobne upominki. Prosimy, \u017ceby dzieci w tym dniu w miar\u0119 mo\u017cliwo\u015bci przysz\u0142y ubrane do przedszkola na czerwono oraz przynios\u0142y czapk\u0119 Miko\u0142ajow\u0105. Dzi\u0119kujemy!<\/p>\n","protected":false},"author":2,"featured_media":0,"comment_status":"open","ping_status":"open","sticky":false,"template":"","format":"standard","meta":[],"categories":[11],"tags":[],"_links":{"self":[{"href":"http:\/\/przedszkole.kosowlacki.pl\/wordpress\/wp-json\/wp\/v2\/posts\/19313"}],"collection":[{"href":"http:\/\/przedszkole.kosowlacki.pl\/wordpress\/wp-json\/wp\/v2\/posts"}],"about":[{"href":"http:\/\/przedszkole.kosowlacki.pl\/wordpress\/wp-json\/wp\/v2\/types\/post"}],"author":[{"embeddable":true,"href":"http:\/\/przedszkole.kosowlacki.pl\/wordpress\/wp-json\/wp\/v2\/users\/2"}],"replies":[{"embeddable":true,"href":"http:\/\/przedszkole.kosowlacki.pl\/wordpress\/wp-json\/wp\/v2\/comments?post=19313"}],"version-history":[{"count":2,"href":"http:\/\/przedszkole.kosowlacki.pl\/wordpress\/wp-json\/wp\/v2\/posts\/19313\/revisions"}],"predecessor-version":[{"id":19316,"href":"http:\/\/przedszkole.kosowlacki.pl\/wordpress\/wp-json\/wp\/v2\/posts\/19313\/revisions\/19316"}],"wp:attachment":[{"href":"http:\/\/przedszkole.kosowlacki.pl\/wordpress\/wp-json\/wp\/v2\/media?parent=19313"}],"wp:term":[{"taxonomy":"category","embeddable":true,"href":"http:\/\/przedszkole.kosowlacki.pl\/wordpress\/wp-json\/wp\/v2\/categories?post=19313"},{"taxonomy":"post_tag","embeddable":true,"href":"http:\/\/przedszkole.kosowlacki.pl\/wordpress\/wp-json\/wp\/v2\/tags?post=19313"}],"curies":[{"name":"wp","href":"https:\/\/api.w.org\/{rel}","templated":true}]}}