{"id":19300,"date":"2024-11-29T13:21:50","date_gmt":"2024-11-29T12:21:50","guid":{"rendered":"http:\/\/przedszkole.kosowlacki.pl\/wordpress\/?p=19300"},"modified":"2024-11-29T13:22:29","modified_gmt":"2024-11-29T12:22:29","slug":"andrzejki-2","status":"publish","type":"post","link":"http:\/\/przedszkole.kosowlacki.pl\/wordpress\/andrzejki-2\/","title":{"rendered":"ANDRZEJKI"},"content":{"rendered":"<p style=\"text-align: center;\">29 listopada w naszym przedszkolu obchodzili\u015bmy Andrzejki. W\u0142a\u015bnie w tym dniu dzieci mia\u0142y okazj\u0119 przenie\u015b\u0107 si\u0119 w magiczny \u015bwiat wr\u00f3\u017cb i zabaw zwi\u0105zanych z andrzejkow\u0105 tradycj\u0105. Wszystkie przedszkolaki z wielkim entuzjazmem uczestniczy\u0142y w zaj\u0119ciach. By\u0142y zabawy muzyczno-ruchowe z balonami, wr\u00f3\u017cby z magicznej kuli, kart, serduszek, bucik\u00f3w. Dzieci wykonywa\u0142y prace plastyczne.<\/p>\n<p style=\"text-align: center;\">Ten wyj\u0105tkowy dzie\u0144 przyni\u00f3s\u0142 przedszkolakom wiele rado\u015bci i by\u0142 okazj\u0105 do wsp\u00f3lnej, weso\u0142ej zabawy.<\/p>\n<p style=\"text-align: right;\">P. Osipiak<\/p>\n","protected":false},"excerpt":{"rendered":"<p>29 listopada w naszym przedszkolu obchodzili\u015bmy Andrzejki. W\u0142a\u015bnie w tym dniu dzieci mia\u0142y okazj\u0119 przenie\u015b\u0107 si\u0119 w magiczny \u015bwiat wr\u00f3\u017cb i zabaw zwi\u0105zanych z andrzejkow\u0105 tradycj\u0105. Wszystkie przedszkolaki z wielkim entuzjazmem uczestniczy\u0142y w zaj\u0119ciach. By\u0142y zabawy muzyczno-ruchowe z balonami, wr\u00f3\u017cby z magicznej kuli, kart, serduszek, bucik\u00f3w. Dzieci wykonywa\u0142y prace plastyczne. Ten wyj\u0105tkowy dzie\u0144 przyni\u00f3s\u0142 przedszkolakom&hellip; <br \/> <a class=\"read-more\" href=\"http:\/\/przedszkole.kosowlacki.pl\/wordpress\/andrzejki-2\/\">Read more<\/a><\/p>\n","protected":false},"author":9,"featured_media":0,"comment_status":"open","ping_status":"open","sticky":false,"template":"","format":"standard","meta":[],"categories":[1,10],"tags":[],"_links":{"self":[{"href":"http:\/\/przedszkole.kosowlacki.pl\/wordpress\/wp-json\/wp\/v2\/posts\/19300"}],"collection":[{"href":"http:\/\/przedszkole.kosowlacki.pl\/wordpress\/wp-json\/wp\/v2\/posts"}],"about":[{"href":"http:\/\/przedszkole.kosowlacki.pl\/wordpress\/wp-json\/wp\/v2\/types\/post"}],"author":[{"embeddable":true,"href":"http:\/\/przedszkole.kosowlacki.pl\/wordpress\/wp-json\/wp\/v2\/users\/9"}],"replies":[{"embeddable":true,"href":"http:\/\/przedszkole.kosowlacki.pl\/wordpress\/wp-json\/wp\/v2\/comments?post=19300"}],"version-history":[{"count":3,"href":"http:\/\/przedszkole.kosowlacki.pl\/wordpress\/wp-json\/wp\/v2\/posts\/19300\/revisions"}],"predecessor-version":[{"id":19303,"href":"http:\/\/przedszkole.kosowlacki.pl\/wordpress\/wp-json\/wp\/v2\/posts\/19300\/revisions\/19303"}],"wp:attachment":[{"href":"http:\/\/przedszkole.kosowlacki.pl\/wordpress\/wp-json\/wp\/v2\/media?parent=19300"}],"wp:term":[{"taxonomy":"category","embeddable":true,"href":"http:\/\/przedszkole.kosowlacki.pl\/wordpress\/wp-json\/wp\/v2\/categories?post=19300"},{"taxonomy":"post_tag","embeddable":true,"href":"http:\/\/przedszkole.kosowlacki.pl\/wordpress\/wp-json\/wp\/v2\/tags?post=19300"}],"curies":[{"name":"wp","href":"https:\/\/api.w.org\/{rel}","templated":true}]}}