{"id":19139,"date":"2024-11-27T08:35:45","date_gmt":"2024-11-27T07:35:45","guid":{"rendered":"http:\/\/przedszkole.kosowlacki.pl\/wordpress\/?p=19139"},"modified":"2024-11-27T08:35:45","modified_gmt":"2024-11-27T07:35:45","slug":"ogloszenie-29","status":"publish","type":"post","link":"http:\/\/przedszkole.kosowlacki.pl\/wordpress\/ogloszenie-29\/","title":{"rendered":"Og\u0142oszenie"},"content":{"rendered":"<p><img loading=\"lazy\" class=\"size-large wp-image-19140 aligncenter\" src=\"http:\/\/przedszkole.kosowlacki.pl\/wordpress\/wp-content\/uploads\/2024\/11\/Czerwony-i-Zielony-Rysunkowy-Kiermasz-Swiateczny-Plakat-1-724x1024.png\" alt=\"\" width=\"724\" height=\"1024\" srcset=\"http:\/\/przedszkole.kosowlacki.pl\/wordpress\/wp-content\/uploads\/2024\/11\/Czerwony-i-Zielony-Rysunkowy-Kiermasz-Swiateczny-Plakat-1-724x1024.png 724w, http:\/\/przedszkole.kosowlacki.pl\/wordpress\/wp-content\/uploads\/2024\/11\/Czerwony-i-Zielony-Rysunkowy-Kiermasz-Swiateczny-Plakat-1-212x300.png 212w, http:\/\/przedszkole.kosowlacki.pl\/wordpress\/wp-content\/uploads\/2024\/11\/Czerwony-i-Zielony-Rysunkowy-Kiermasz-Swiateczny-Plakat-1-768x1086.png 768w, http:\/\/przedszkole.kosowlacki.pl\/wordpress\/wp-content\/uploads\/2024\/11\/Czerwony-i-Zielony-Rysunkowy-Kiermasz-Swiateczny-Plakat-1-1086x1536.png 1086w, http:\/\/przedszkole.kosowlacki.pl\/wordpress\/wp-content\/uploads\/2024\/11\/Czerwony-i-Zielony-Rysunkowy-Kiermasz-Swiateczny-Plakat-1-1024x1448.png 1024w, http:\/\/przedszkole.kosowlacki.pl\/wordpress\/wp-content\/uploads\/2024\/11\/Czerwony-i-Zielony-Rysunkowy-Kiermasz-Swiateczny-Plakat-1-764x1080.png 764w, http:\/\/przedszkole.kosowlacki.pl\/wordpress\/wp-content\/uploads\/2024\/11\/Czerwony-i-Zielony-Rysunkowy-Kiermasz-Swiateczny-Plakat-1.png 1414w\" sizes=\"(max-width: 724px) 100vw, 724px\" \/><\/p>\n<p><strong>Regulamin konkursu na Najpi\u0119kniejsz\u0105 Ozdob\u0119 \u015awi\u0105teczn\u0105<\/strong><\/p>\n<ol>\n<li>Organizatorem konkursu jest Gminne Przedszkole w Kosowie Lackim, ul. Polna 1, 08-330 Kos\u00f3w Lacki.<\/li>\n<li>Cele konkursu<\/li>\n<\/ol>\n<ul>\n<li>Kultywowanie tradycji i zwyczaj\u00f3w Bo\u017conarodzeniowych.<\/li>\n<li>Rozwijanie talentu artystycznego dzieci.<\/li>\n<li>Rozwijanie kreatywno\u015bci i wyobra\u017ani oraz umiej\u0119tno\u015bci manualnych i plastycznych.<\/li>\n<li>Stworzenie mo\u017cliwo\u015bci prezentacji w\u0142asnych prac.<\/li>\n<li>Pog\u0142\u0119bianie wi\u0119zi rodzinnych.<\/li>\n<\/ul>\n<ol start=\"3\">\n<li>Za\u0142o\u017cenia organizacyjne<\/li>\n<\/ol>\n<ul>\n<li>Konkurs adresowany jest do dzieci przedszkolnych ze wszystkich grup wiekowych.<\/li>\n<li>Prace zg\u0142oszone na konkurs musz\u0105 by\u0107 pracami w\u0142asnymi (dopuszcza si\u0119 pomoc rodzic\u00f3w). Ka\u017cda powinna by\u0107 opatrzona metryczk\u0105 z imieniem i nazwiskiem dziecka oraz nazw\u0105 grupy.<\/li>\n<li>Przedmiotem konkursu jest wykonanie ozdoby w formie pracy przestrzennej (ozdoba na choink\u0119, stroik Bo\u017conarodzeniowy, \u015bwiecznik, ozdoba na st\u00f3\u0142 \u015bwi\u0105teczny, szopka itp.).<\/li>\n<\/ul>\n<p>Technika wykonania dowolna.<\/p>\n<ol start=\"4\">\n<li>Ocena prac konkursowych<\/li>\n<\/ol>\n<ul>\n<li>Prace nale\u017cy sk\u0142ada\u0107 <strong>do 05 grudnia 2024 roku <\/strong>do wychowawc\u00f3w grup, po uprzednim pobraniu zgody na udzia\u0142 w konkursie.<\/li>\n<li>O wy\u0142onieniu zwyci\u0119zc\u00f3w konkursu decyduje jury powo\u0142ane przez organizator\u00f3w, kt\u00f3rego podj\u0119te decyzje s\u0105 ostateczne.<\/li>\n<li>Kryteria oceny ustalone zostaj\u0105 w nast\u0119puj\u0105cy spos\u00f3b:<\/li>\n<\/ul>\n<ol>\n<li>a) pomys\u0142owo\u015b\u0107, oryginalno\u015b\u0107 pracy,<\/li>\n<li>b) dekoracyjno\u015b\u0107, kolorystyka,<\/li>\n<li>c) stopie\u0144 trudno\u015bci wykonania,<\/li>\n<li>d) estetyk wykonania,<\/li>\n<li>e) dob\u00f3r materia\u0142\u00f3w.<\/li>\n<\/ol>\n<p>5. Og\u0142oszenie wynik\u00f3w<\/p>\n<ul>\n<li>Rozstrzygni\u0119cie konkursu oraz wr\u0119czenie nagr\u00f3d odb\u0119dzie si\u0119 <strong>09 grudnia 2024 roku.<\/strong><\/li>\n<li>Prace dzieci, kt\u00f3re zajm\u0105 miejsca pierwsze, drugie i trzecie oraz zdob\u0119d\u0105 wyr\u00f3\u017cnienia wezm\u0105 udzia\u0142 w konkursie powiatowym pt. \u201eOzdoba Bo\u017conarodzeniowa\u201d. Jego organizatorem jest Niepubliczna Szko\u0142a Podstawowa w Niecieczy pod patronatem Starosty Powiatu Soko\u0142owskiego. Prace te nie b\u0119d\u0105 zwracane autorom.<\/li>\n<\/ul>\n<p>&nbsp;<\/p>\n","protected":false},"excerpt":{"rendered":"<p>Regulamin konkursu na Najpi\u0119kniejsz\u0105 Ozdob\u0119 \u015awi\u0105teczn\u0105 Organizatorem konkursu jest Gminne Przedszkole w Kosowie Lackim, ul. Polna 1, 08-330 Kos\u00f3w Lacki. Cele konkursu Kultywowanie tradycji i zwyczaj\u00f3w Bo\u017conarodzeniowych. Rozwijanie talentu artystycznego dzieci. Rozwijanie kreatywno\u015bci i wyobra\u017ani oraz umiej\u0119tno\u015bci manualnych i plastycznych. Stworzenie mo\u017cliwo\u015bci prezentacji w\u0142asnych prac. Pog\u0142\u0119bianie wi\u0119zi rodzinnych. Za\u0142o\u017cenia organizacyjne Konkurs adresowany jest do dzieci&hellip; <br \/> <a class=\"read-more\" href=\"http:\/\/przedszkole.kosowlacki.pl\/wordpress\/ogloszenie-29\/\">Read more<\/a><\/p>\n","protected":false},"author":9,"featured_media":0,"comment_status":"open","ping_status":"open","sticky":false,"template":"","format":"standard","meta":[],"categories":[11],"tags":[],"_links":{"self":[{"href":"http:\/\/przedszkole.kosowlacki.pl\/wordpress\/wp-json\/wp\/v2\/posts\/19139"}],"collection":[{"href":"http:\/\/przedszkole.kosowlacki.pl\/wordpress\/wp-json\/wp\/v2\/posts"}],"about":[{"href":"http:\/\/przedszkole.kosowlacki.pl\/wordpress\/wp-json\/wp\/v2\/types\/post"}],"author":[{"embeddable":true,"href":"http:\/\/przedszkole.kosowlacki.pl\/wordpress\/wp-json\/wp\/v2\/users\/9"}],"replies":[{"embeddable":true,"href":"http:\/\/przedszkole.kosowlacki.pl\/wordpress\/wp-json\/wp\/v2\/comments?post=19139"}],"version-history":[{"count":2,"href":"http:\/\/przedszkole.kosowlacki.pl\/wordpress\/wp-json\/wp\/v2\/posts\/19139\/revisions"}],"predecessor-version":[{"id":19142,"href":"http:\/\/przedszkole.kosowlacki.pl\/wordpress\/wp-json\/wp\/v2\/posts\/19139\/revisions\/19142"}],"wp:attachment":[{"href":"http:\/\/przedszkole.kosowlacki.pl\/wordpress\/wp-json\/wp\/v2\/media?parent=19139"}],"wp:term":[{"taxonomy":"category","embeddable":true,"href":"http:\/\/przedszkole.kosowlacki.pl\/wordpress\/wp-json\/wp\/v2\/categories?post=19139"},{"taxonomy":"post_tag","embeddable":true,"href":"http:\/\/przedszkole.kosowlacki.pl\/wordpress\/wp-json\/wp\/v2\/tags?post=19139"}],"curies":[{"name":"wp","href":"https:\/\/api.w.org\/{rel}","templated":true}]}}