{"id":19137,"date":"2024-11-25T18:56:52","date_gmt":"2024-11-25T17:56:52","guid":{"rendered":"http:\/\/przedszkole.kosowlacki.pl\/wordpress\/?p=19137"},"modified":"2024-11-25T18:56:52","modified_gmt":"2024-11-25T17:56:52","slug":"dzien-pluszowego-misia-6","status":"publish","type":"post","link":"http:\/\/przedszkole.kosowlacki.pl\/wordpress\/dzien-pluszowego-misia-6\/","title":{"rendered":"Dzie\u0144 Pluszowego Misia"},"content":{"rendered":"<p style=\"text-align: center;\">Kto przytuli w ciemn\u0105 noc?<br \/>\nKto ma pocieszania moc?<br \/>\nKto sekret\u00f3w mych nie zdradzi?<br \/>\nKto w potrzebie mi doradzi?<\/p>\n<p style=\"text-align: center;\">M\u00f3j przyjaciel Mi\u015b male\u0144ki,<br \/>\nCo przegania wszystkie l\u0119ki!<\/p>\n<p>Pluszowy mi\u015b to najlepszy przyjaciel ka\u017cdego dziecka, ukochana maskotka na dobre i z\u0142e chwile.<br \/>\nZ tej okazji 25 listopada 2024 r. dzieci z naszego przedszkola uczestniczy\u0142y w obchodach\u00a0 Dnia Pluszowego Misia. Mo\u017cna by\u0142o zobaczy\u0107 misie ma\u0142e, \u015brednie, du\u017ce, br\u0105zowe, r\u00f3\u017cowe, bia\u0142e itd. Wszystkie by\u0142y pi\u0119kne i wyj\u0105tkowe. W tym weso\u0142ym dniu przedszkolaki bawi\u0142y si\u0119 ze swoimi misiami, ta\u0144czy\u0142y i \u015bpiewa\u0142y piosenki. Wykona\u0142y tak\u017ce ciekawe prace plastyczne.<\/p>\n<p>Dzieci by\u0142y szcz\u0119\u015bliwie, \u017ce mog\u0142y sp\u0119dzi\u0107 tyle czasu ze swoimi pluszowymi ulubie\u0144cami.<\/p>\n<p style=\"text-align: right;\">K. Mlonek<\/p>\n","protected":false},"excerpt":{"rendered":"<p>Kto przytuli w ciemn\u0105 noc? Kto ma pocieszania moc? Kto sekret\u00f3w mych nie zdradzi? Kto w potrzebie mi doradzi? M\u00f3j przyjaciel Mi\u015b male\u0144ki, Co przegania wszystkie l\u0119ki! Pluszowy mi\u015b to najlepszy przyjaciel ka\u017cdego dziecka, ukochana maskotka na dobre i z\u0142e chwile. Z tej okazji 25 listopada 2024 r. dzieci z naszego przedszkola uczestniczy\u0142y w obchodach\u00a0&hellip; <br \/> <a class=\"read-more\" href=\"http:\/\/przedszkole.kosowlacki.pl\/wordpress\/dzien-pluszowego-misia-6\/\">Read more<\/a><\/p>\n","protected":false},"author":7,"featured_media":0,"comment_status":"open","ping_status":"open","sticky":false,"template":"","format":"standard","meta":[],"categories":[10],"tags":[],"_links":{"self":[{"href":"http:\/\/przedszkole.kosowlacki.pl\/wordpress\/wp-json\/wp\/v2\/posts\/19137"}],"collection":[{"href":"http:\/\/przedszkole.kosowlacki.pl\/wordpress\/wp-json\/wp\/v2\/posts"}],"about":[{"href":"http:\/\/przedszkole.kosowlacki.pl\/wordpress\/wp-json\/wp\/v2\/types\/post"}],"author":[{"embeddable":true,"href":"http:\/\/przedszkole.kosowlacki.pl\/wordpress\/wp-json\/wp\/v2\/users\/7"}],"replies":[{"embeddable":true,"href":"http:\/\/przedszkole.kosowlacki.pl\/wordpress\/wp-json\/wp\/v2\/comments?post=19137"}],"version-history":[{"count":1,"href":"http:\/\/przedszkole.kosowlacki.pl\/wordpress\/wp-json\/wp\/v2\/posts\/19137\/revisions"}],"predecessor-version":[{"id":19138,"href":"http:\/\/przedszkole.kosowlacki.pl\/wordpress\/wp-json\/wp\/v2\/posts\/19137\/revisions\/19138"}],"wp:attachment":[{"href":"http:\/\/przedszkole.kosowlacki.pl\/wordpress\/wp-json\/wp\/v2\/media?parent=19137"}],"wp:term":[{"taxonomy":"category","embeddable":true,"href":"http:\/\/przedszkole.kosowlacki.pl\/wordpress\/wp-json\/wp\/v2\/categories?post=19137"},{"taxonomy":"post_tag","embeddable":true,"href":"http:\/\/przedszkole.kosowlacki.pl\/wordpress\/wp-json\/wp\/v2\/tags?post=19137"}],"curies":[{"name":"wp","href":"https:\/\/api.w.org\/{rel}","templated":true}]}}