{"id":18973,"date":"2024-11-20T14:49:42","date_gmt":"2024-11-20T13:49:42","guid":{"rendered":"http:\/\/przedszkole.kosowlacki.pl\/wordpress\/?p=18973"},"modified":"2024-11-20T14:50:47","modified_gmt":"2024-11-20T13:50:47","slug":"dzien-pluszowego-misia-4","status":"publish","type":"post","link":"http:\/\/przedszkole.kosowlacki.pl\/wordpress\/dzien-pluszowego-misia-4\/","title":{"rendered":"Dzie\u0144 Pluszowego Misia"},"content":{"rendered":"<h3 align=\"center\"><\/h3>\n<h3 align=\"center\"><img loading=\"lazy\" class=\"wp-image-18974 aligncenter\" src=\"http:\/\/przedszkole.kosowlacki.pl\/wordpress\/wp-content\/uploads\/2024\/11\/hdimge92f4da828ad5d5ab44e862c5509ca.jpg\" alt=\"\" width=\"734\" height=\"261\" srcset=\"http:\/\/przedszkole.kosowlacki.pl\/wordpress\/wp-content\/uploads\/2024\/11\/hdimge92f4da828ad5d5ab44e862c5509ca.jpg 377w, http:\/\/przedszkole.kosowlacki.pl\/wordpress\/wp-content\/uploads\/2024\/11\/hdimge92f4da828ad5d5ab44e862c5509ca-300x107.jpg 300w\" sizes=\"(max-width: 734px) 100vw, 734px\" \/><\/h3>\n<h3 style=\"text-align: center;\" align=\"center\">W poniedzia\u0142ek<span style=\"color: #ff0000;\"> 25 listopada <\/span>obchodzimy w przedszkolu <span style=\"color: #ff0000;\">Dzie\u0144 Pluszowego Misia.<\/span><\/h3>\n<h3 style=\"text-align: center;\" align=\"center\">Prosimy, aby tego dnia ka\u017cde dziecko przynios\u0142o ze sob\u0105 z domu ulubionego pluszowego misia.<\/h3>\n","protected":false},"excerpt":{"rendered":"<p>W poniedzia\u0142ek 25 listopada obchodzimy w przedszkolu Dzie\u0144 Pluszowego Misia. Prosimy, aby tego dnia ka\u017cde dziecko przynios\u0142o ze sob\u0105 z domu ulubionego pluszowego misia.<\/p>\n","protected":false},"author":2,"featured_media":0,"comment_status":"open","ping_status":"open","sticky":false,"template":"","format":"standard","meta":[],"categories":[11],"tags":[],"_links":{"self":[{"href":"http:\/\/przedszkole.kosowlacki.pl\/wordpress\/wp-json\/wp\/v2\/posts\/18973"}],"collection":[{"href":"http:\/\/przedszkole.kosowlacki.pl\/wordpress\/wp-json\/wp\/v2\/posts"}],"about":[{"href":"http:\/\/przedszkole.kosowlacki.pl\/wordpress\/wp-json\/wp\/v2\/types\/post"}],"author":[{"embeddable":true,"href":"http:\/\/przedszkole.kosowlacki.pl\/wordpress\/wp-json\/wp\/v2\/users\/2"}],"replies":[{"embeddable":true,"href":"http:\/\/przedszkole.kosowlacki.pl\/wordpress\/wp-json\/wp\/v2\/comments?post=18973"}],"version-history":[{"count":2,"href":"http:\/\/przedszkole.kosowlacki.pl\/wordpress\/wp-json\/wp\/v2\/posts\/18973\/revisions"}],"predecessor-version":[{"id":18976,"href":"http:\/\/przedszkole.kosowlacki.pl\/wordpress\/wp-json\/wp\/v2\/posts\/18973\/revisions\/18976"}],"wp:attachment":[{"href":"http:\/\/przedszkole.kosowlacki.pl\/wordpress\/wp-json\/wp\/v2\/media?parent=18973"}],"wp:term":[{"taxonomy":"category","embeddable":true,"href":"http:\/\/przedszkole.kosowlacki.pl\/wordpress\/wp-json\/wp\/v2\/categories?post=18973"},{"taxonomy":"post_tag","embeddable":true,"href":"http:\/\/przedszkole.kosowlacki.pl\/wordpress\/wp-json\/wp\/v2\/tags?post=18973"}],"curies":[{"name":"wp","href":"https:\/\/api.w.org\/{rel}","templated":true}]}}