{"id":18964,"date":"2024-11-16T19:23:34","date_gmt":"2024-11-16T18:23:34","guid":{"rendered":"http:\/\/przedszkole.kosowlacki.pl\/wordpress\/?p=18964"},"modified":"2024-11-16T19:29:53","modified_gmt":"2024-11-16T18:29:53","slug":"miedzynarodowy-dzien-praw-dziecka-w-przedszkolu","status":"publish","type":"post","link":"http:\/\/przedszkole.kosowlacki.pl\/wordpress\/miedzynarodowy-dzien-praw-dziecka-w-przedszkolu\/","title":{"rendered":"Mi\u0119dzynarodowy Dzie\u0144 Praw Dziecka w przedszkolu"},"content":{"rendered":"<h2>W \u015brod\u0119 <span style=\"color: #0000ff;\">20 listopada<\/span> w naszym przedszkolu b\u0119dziemy obchodzi\u0107 Mi\u0119dzynarodowy Dzie\u0144 Praw Dziecka z UNICEF.<\/h2>\n<h2><span style=\"color: #3366ff;\">Prosimy, aby dzieci w tym dniu przysz\u0142y do przedszkola ubrane na niebiesko.<\/span><\/h2>\n<p>&nbsp;<\/p>\n<p><img loading=\"lazy\" class=\"alignnone wp-image-18965 aligncenter\" src=\"http:\/\/przedszkole.kosowlacki.pl\/wordpress\/wp-content\/uploads\/2024\/11\/obrazek-prawa.jpg\" alt=\"\" width=\"842\" height=\"382\" srcset=\"http:\/\/przedszkole.kosowlacki.pl\/wordpress\/wp-content\/uploads\/2024\/11\/obrazek-prawa.jpg 708w, http:\/\/przedszkole.kosowlacki.pl\/wordpress\/wp-content\/uploads\/2024\/11\/obrazek-prawa-300x136.jpg 300w\" sizes=\"(max-width: 842px) 100vw, 842px\" \/><\/p>\n","protected":false},"excerpt":{"rendered":"<p>W \u015brod\u0119 20 listopada w naszym przedszkolu b\u0119dziemy obchodzi\u0107 Mi\u0119dzynarodowy Dzie\u0144 Praw Dziecka z UNICEF. Prosimy, aby dzieci w tym dniu przysz\u0142y do przedszkola ubrane na niebiesko. &nbsp;<\/p>\n","protected":false},"author":2,"featured_media":0,"comment_status":"open","ping_status":"open","sticky":false,"template":"","format":"standard","meta":[],"categories":[11],"tags":[],"_links":{"self":[{"href":"http:\/\/przedszkole.kosowlacki.pl\/wordpress\/wp-json\/wp\/v2\/posts\/18964"}],"collection":[{"href":"http:\/\/przedszkole.kosowlacki.pl\/wordpress\/wp-json\/wp\/v2\/posts"}],"about":[{"href":"http:\/\/przedszkole.kosowlacki.pl\/wordpress\/wp-json\/wp\/v2\/types\/post"}],"author":[{"embeddable":true,"href":"http:\/\/przedszkole.kosowlacki.pl\/wordpress\/wp-json\/wp\/v2\/users\/2"}],"replies":[{"embeddable":true,"href":"http:\/\/przedszkole.kosowlacki.pl\/wordpress\/wp-json\/wp\/v2\/comments?post=18964"}],"version-history":[{"count":7,"href":"http:\/\/przedszkole.kosowlacki.pl\/wordpress\/wp-json\/wp\/v2\/posts\/18964\/revisions"}],"predecessor-version":[{"id":18972,"href":"http:\/\/przedszkole.kosowlacki.pl\/wordpress\/wp-json\/wp\/v2\/posts\/18964\/revisions\/18972"}],"wp:attachment":[{"href":"http:\/\/przedszkole.kosowlacki.pl\/wordpress\/wp-json\/wp\/v2\/media?parent=18964"}],"wp:term":[{"taxonomy":"category","embeddable":true,"href":"http:\/\/przedszkole.kosowlacki.pl\/wordpress\/wp-json\/wp\/v2\/categories?post=18964"},{"taxonomy":"post_tag","embeddable":true,"href":"http:\/\/przedszkole.kosowlacki.pl\/wordpress\/wp-json\/wp\/v2\/tags?post=18964"}],"curies":[{"name":"wp","href":"https:\/\/api.w.org\/{rel}","templated":true}]}}