{"id":18889,"date":"2024-11-08T21:13:03","date_gmt":"2024-11-08T20:13:03","guid":{"rendered":"http:\/\/przedszkole.kosowlacki.pl\/wordpress\/?p=18889"},"modified":"2024-11-08T21:44:19","modified_gmt":"2024-11-08T20:44:19","slug":"narodowe-swieto-niepodleglosci-3","status":"publish","type":"post","link":"http:\/\/przedszkole.kosowlacki.pl\/wordpress\/narodowe-swieto-niepodleglosci-3\/","title":{"rendered":"Narodowe \u015awi\u0119to Niepodleg\u0142o\u015bci"},"content":{"rendered":"<p style=\"text-align: center;\">Narodowe \u015awi\u0119to Niepodleg\u0142o\u015bci co roku obchodzimy 11 listopada, to najwa\u017cniejsze \u015bwi\u0119to narodowe w Polsce. W tym dniu obchodzimy rocznic\u0119 odzyskania przez nasz kraj niepodleg\u0142o\u015bci po 123 latach niewoli pod zaborami okupant\u00f3w.<br \/>\nZ tej okazji 8 listopada w naszym przedszkolu odby\u0142a si\u0119 akademia na kt\u00f3r\u0105 przyby\u0142y dzieci z przedszkola, Klubiku Dzieci\u0119cego, pracownicy przedszkola, rodzice, a tak\u017ce Pan Burmistrz Jan S\u0142omiak oraz Pani Sekretarz Daniela Prokopczuk. Wszyscy zebrali si\u0119, aby uroczy\u015bcie \u015bwi\u0119towa\u0107 ten wyj\u0105tkowy dla Polak\u00f3w czas. Z du\u017c\u0105 powag\u0105 i skupieniem ogl\u0105dali program artystyczno &#8211; muzyczny przygotowany przez dzieci z grupy ,,Biedronki\u201d i ,,Muchomorki\u201d. Akademi\u0119 dzieci u\u015bwietni\u0142y pi\u0119knymi ta\u0144cami, recytacj\u0105 wierszy i \u015bpiewem piosenek o tematyce patriotycznej.<\/p>\n<p style=\"text-align: center;\">Wszyscy uczestnicy w\u0142\u0105czyli si\u0119 do akcji ,,Szko\u0142a do hymnu\u201d i od\u015bpiewali hymn Polski \u201eMazurek D\u0105browskiego\u201d.<\/p>\n<p style=\"text-align: center;\">G\u0142\u00f3wnym celem spotkania by\u0142o kszta\u0142towanie u m\u0142odych patriot\u00f3w mi\u0142o\u015bci i przywi\u0105zania do swojego kraju, jego kultury i tradycji jak r\u00f3wnie\u017c poznanie symboli narodowych ojczystego kraju.<\/p>\n<p>&nbsp;<\/p>\n<p style=\"text-align: right;\">Beata Leszczy\u0144ska<br \/>\nJustyna Bielarska<\/p>\n","protected":false},"excerpt":{"rendered":"<p>Narodowe \u015awi\u0119to Niepodleg\u0142o\u015bci co roku obchodzimy 11 listopada, to najwa\u017cniejsze \u015bwi\u0119to narodowe w Polsce. W tym dniu obchodzimy rocznic\u0119 odzyskania przez nasz kraj niepodleg\u0142o\u015bci po 123 latach niewoli pod zaborami okupant\u00f3w. Z tej okazji 8 listopada w naszym przedszkolu odby\u0142a si\u0119 akademia na kt\u00f3r\u0105 przyby\u0142y dzieci z przedszkola, Klubiku Dzieci\u0119cego, pracownicy przedszkola, rodzice, a tak\u017ce&hellip; <br \/> <a class=\"read-more\" href=\"http:\/\/przedszkole.kosowlacki.pl\/wordpress\/narodowe-swieto-niepodleglosci-3\/\">Read more<\/a><\/p>\n","protected":false},"author":9,"featured_media":0,"comment_status":"open","ping_status":"open","sticky":false,"template":"","format":"standard","meta":[],"categories":[10],"tags":[],"_links":{"self":[{"href":"http:\/\/przedszkole.kosowlacki.pl\/wordpress\/wp-json\/wp\/v2\/posts\/18889"}],"collection":[{"href":"http:\/\/przedszkole.kosowlacki.pl\/wordpress\/wp-json\/wp\/v2\/posts"}],"about":[{"href":"http:\/\/przedszkole.kosowlacki.pl\/wordpress\/wp-json\/wp\/v2\/types\/post"}],"author":[{"embeddable":true,"href":"http:\/\/przedszkole.kosowlacki.pl\/wordpress\/wp-json\/wp\/v2\/users\/9"}],"replies":[{"embeddable":true,"href":"http:\/\/przedszkole.kosowlacki.pl\/wordpress\/wp-json\/wp\/v2\/comments?post=18889"}],"version-history":[{"count":4,"href":"http:\/\/przedszkole.kosowlacki.pl\/wordpress\/wp-json\/wp\/v2\/posts\/18889\/revisions"}],"predecessor-version":[{"id":18892,"href":"http:\/\/przedszkole.kosowlacki.pl\/wordpress\/wp-json\/wp\/v2\/posts\/18889\/revisions\/18892"}],"wp:attachment":[{"href":"http:\/\/przedszkole.kosowlacki.pl\/wordpress\/wp-json\/wp\/v2\/media?parent=18889"}],"wp:term":[{"taxonomy":"category","embeddable":true,"href":"http:\/\/przedszkole.kosowlacki.pl\/wordpress\/wp-json\/wp\/v2\/categories?post=18889"},{"taxonomy":"post_tag","embeddable":true,"href":"http:\/\/przedszkole.kosowlacki.pl\/wordpress\/wp-json\/wp\/v2\/tags?post=18889"}],"curies":[{"name":"wp","href":"https:\/\/api.w.org\/{rel}","templated":true}]}}