{"id":18885,"date":"2024-11-08T14:10:10","date_gmt":"2024-11-08T13:10:10","guid":{"rendered":"http:\/\/przedszkole.kosowlacki.pl\/wordpress\/?p=18885"},"modified":"2024-11-08T14:10:10","modified_gmt":"2024-11-08T13:10:10","slug":"narodowe-swieto-niepodleglosci-2","status":"publish","type":"post","link":"http:\/\/przedszkole.kosowlacki.pl\/wordpress\/narodowe-swieto-niepodleglosci-2\/","title":{"rendered":"NARODOWE \u015aWI\u0118TO NIEPODLEG\u0141O\u015aCI"},"content":{"rendered":"<p style=\"text-align: center;\">\u201eJeste\u015bmy Polk\u0105 i Polakiem<br \/>\nDziewczynk\u0105 fajna i ch\u0142opakiem<br \/>\nKochamy Polsk\u0119 z ca\u0142ych si\u0142<br \/>\nChcemy by\u015b r\u00f3wnie\u017c kocha\u0142 ja i ty<br \/>\nI ty\u2026\u201d<\/p>\n<p style=\"text-align: center;\">11 listopada obchodzimy \u015bwi\u0119to narodowe \u2013 \u015awi\u0119to Niepodleg\u0142o\u015bci.<\/p>\n<p style=\"text-align: center;\">Z tej okazji w klubiku odby\u0142y si\u0119 zaj\u0119cia\u00a0 i zabawy, dzi\u0119ki kt\u00f3rym maluchy mog\u0142y pozna\u0107 symbole narodowe naszego kraju. Dzieci z niewielk\u0105 pomoc\u0105 Cio\u0107 wykona\u0142y narodowe flagi i wyklei\u0142y sylwet\u0119 or\u0142a. Maluchy mia\u0142y okazj\u0119 uczestniczy\u0107 na Akademii z okazji \u00a0\u015awi\u0119ta Niepodleg\u0142o\u015bci, na kt\u00f3r\u0105 zostali\u015bmy zaproszeni przez Przedszkole.<\/p>\n<p style=\"text-align: center;\">Od najm\u0142odszych lat staramy si\u0119 przekaza\u0107 dzieciom nutk\u0119 patriotyzmu, przywi\u0105zania do swojej ojczyzny, do ziemi rodzinnej, a tak\u017ce szacunek dla polskich symboli i tradycji.<\/p>\n<p style=\"text-align: center;\">Zapraszamy do fotorelacji.<\/p>\n<p style=\"text-align: center;\">\n<p style=\"text-align: center;\">\n","protected":false},"excerpt":{"rendered":"<p>\u201eJeste\u015bmy Polk\u0105 i Polakiem Dziewczynk\u0105 fajna i ch\u0142opakiem Kochamy Polsk\u0119 z ca\u0142ych si\u0142 Chcemy by\u015b r\u00f3wnie\u017c kocha\u0142 ja i ty I ty\u2026\u201d 11 listopada obchodzimy \u015bwi\u0119to narodowe \u2013 \u015awi\u0119to Niepodleg\u0142o\u015bci. Z tej okazji w klubiku odby\u0142y si\u0119 zaj\u0119cia\u00a0 i zabawy, dzi\u0119ki kt\u00f3rym maluchy mog\u0142y pozna\u0107 symbole narodowe naszego kraju. Dzieci z niewielk\u0105 pomoc\u0105 Cio\u0107 wykona\u0142y&hellip; <br \/> <a class=\"read-more\" href=\"http:\/\/przedszkole.kosowlacki.pl\/wordpress\/narodowe-swieto-niepodleglosci-2\/\">Read more<\/a><\/p>\n","protected":false},"author":6,"featured_media":0,"comment_status":"open","ping_status":"open","sticky":false,"template":"","format":"standard","meta":[],"categories":[1],"tags":[],"_links":{"self":[{"href":"http:\/\/przedszkole.kosowlacki.pl\/wordpress\/wp-json\/wp\/v2\/posts\/18885"}],"collection":[{"href":"http:\/\/przedszkole.kosowlacki.pl\/wordpress\/wp-json\/wp\/v2\/posts"}],"about":[{"href":"http:\/\/przedszkole.kosowlacki.pl\/wordpress\/wp-json\/wp\/v2\/types\/post"}],"author":[{"embeddable":true,"href":"http:\/\/przedszkole.kosowlacki.pl\/wordpress\/wp-json\/wp\/v2\/users\/6"}],"replies":[{"embeddable":true,"href":"http:\/\/przedszkole.kosowlacki.pl\/wordpress\/wp-json\/wp\/v2\/comments?post=18885"}],"version-history":[{"count":1,"href":"http:\/\/przedszkole.kosowlacki.pl\/wordpress\/wp-json\/wp\/v2\/posts\/18885\/revisions"}],"predecessor-version":[{"id":18886,"href":"http:\/\/przedszkole.kosowlacki.pl\/wordpress\/wp-json\/wp\/v2\/posts\/18885\/revisions\/18886"}],"wp:attachment":[{"href":"http:\/\/przedszkole.kosowlacki.pl\/wordpress\/wp-json\/wp\/v2\/media?parent=18885"}],"wp:term":[{"taxonomy":"category","embeddable":true,"href":"http:\/\/przedszkole.kosowlacki.pl\/wordpress\/wp-json\/wp\/v2\/categories?post=18885"},{"taxonomy":"post_tag","embeddable":true,"href":"http:\/\/przedszkole.kosowlacki.pl\/wordpress\/wp-json\/wp\/v2\/tags?post=18885"}],"curies":[{"name":"wp","href":"https:\/\/api.w.org\/{rel}","templated":true}]}}