{"id":18852,"date":"2024-10-28T14:52:28","date_gmt":"2024-10-28T13:52:28","guid":{"rendered":"http:\/\/przedszkole.kosowlacki.pl\/wordpress\/?p=18852"},"modified":"2024-10-28T14:52:28","modified_gmt":"2024-10-28T13:52:28","slug":"ogloszenie-28","status":"publish","type":"post","link":"http:\/\/przedszkole.kosowlacki.pl\/wordpress\/ogloszenie-28\/","title":{"rendered":"Og\u0142oszenie"},"content":{"rendered":"<h2 align=\"left\">Serdecznie zapraszamy Rodzic\u00f3w dzieci 5 letnich<span style=\"color: #ff0000;\">(<\/span> <span style=\"color: #ff0000;\">Muchomorki i Biedronki)<\/span> na cz\u0119\u015b\u0107 artystyczn\u0105 z okazji \u015awi\u0119ta Niepodleg\u0142o\u015bci, kt\u00f3ra odb\u0119dzie si\u0119 <span style=\"color: #ff0000;\">8 listopada (pi\u0105tek) o godzinie 10.00.<\/span><\/h2>\n","protected":false},"excerpt":{"rendered":"<p>Serdecznie zapraszamy Rodzic\u00f3w dzieci 5 letnich( Muchomorki i Biedronki) na cz\u0119\u015b\u0107 artystyczn\u0105 z okazji \u015awi\u0119ta Niepodleg\u0142o\u015bci, kt\u00f3ra odb\u0119dzie si\u0119 8 listopada (pi\u0105tek) o godzinie 10.00.<\/p>\n","protected":false},"author":2,"featured_media":0,"comment_status":"open","ping_status":"open","sticky":false,"template":"","format":"standard","meta":[],"categories":[11],"tags":[],"_links":{"self":[{"href":"http:\/\/przedszkole.kosowlacki.pl\/wordpress\/wp-json\/wp\/v2\/posts\/18852"}],"collection":[{"href":"http:\/\/przedszkole.kosowlacki.pl\/wordpress\/wp-json\/wp\/v2\/posts"}],"about":[{"href":"http:\/\/przedszkole.kosowlacki.pl\/wordpress\/wp-json\/wp\/v2\/types\/post"}],"author":[{"embeddable":true,"href":"http:\/\/przedszkole.kosowlacki.pl\/wordpress\/wp-json\/wp\/v2\/users\/2"}],"replies":[{"embeddable":true,"href":"http:\/\/przedszkole.kosowlacki.pl\/wordpress\/wp-json\/wp\/v2\/comments?post=18852"}],"version-history":[{"count":1,"href":"http:\/\/przedszkole.kosowlacki.pl\/wordpress\/wp-json\/wp\/v2\/posts\/18852\/revisions"}],"predecessor-version":[{"id":18853,"href":"http:\/\/przedszkole.kosowlacki.pl\/wordpress\/wp-json\/wp\/v2\/posts\/18852\/revisions\/18853"}],"wp:attachment":[{"href":"http:\/\/przedszkole.kosowlacki.pl\/wordpress\/wp-json\/wp\/v2\/media?parent=18852"}],"wp:term":[{"taxonomy":"category","embeddable":true,"href":"http:\/\/przedszkole.kosowlacki.pl\/wordpress\/wp-json\/wp\/v2\/categories?post=18852"},{"taxonomy":"post_tag","embeddable":true,"href":"http:\/\/przedszkole.kosowlacki.pl\/wordpress\/wp-json\/wp\/v2\/tags?post=18852"}],"curies":[{"name":"wp","href":"https:\/\/api.w.org\/{rel}","templated":true}]}}