{"id":18809,"date":"2024-10-28T09:28:40","date_gmt":"2024-10-28T08:28:40","guid":{"rendered":"http:\/\/przedszkole.kosowlacki.pl\/wordpress\/?p=18809"},"modified":"2024-10-28T11:07:13","modified_gmt":"2024-10-28T10:07:13","slug":"zajecia-otwarte-w-grupach-biedronki-i-muchomorki","status":"publish","type":"post","link":"http:\/\/przedszkole.kosowlacki.pl\/wordpress\/zajecia-otwarte-w-grupach-biedronki-i-muchomorki\/","title":{"rendered":"Zaj\u0119cia otwarte w grupach &#8222;Biedronki&#8221; i &#8222;Muchomorki&#8221;"},"content":{"rendered":"<p style=\"text-align: center;\">Dnia 25 pa\u017adziernika w grupach: ,,Biedronki\u201d i ,,Muchomorki\u201d odby\u0142y si\u0119 zaj\u0119cia otwarte dla rodzic\u00f3w. Podczas zaj\u0119\u0107 rodzice mieli mo\u017cliwo\u015b\u0107 zobaczy\u0107, jak funkcjonuje dziecko w grupie przedszkolnej. Tematem przewodnim by\u0142y zwierz\u0119ta domowe. Dzieci wsp\u00f3lnie z rodzicami uczestniczy\u0142y w r\u00f3\u017cnego rodzaju zabawach ruchowych, pogadankach o zwierz\u0119tach oraz stworzy\u0142y wspania\u0142e prace plastyczne &#8211; \u017c\u00f3\u0142wiki. Zaj\u0119cia przebiega\u0142y w mi\u0142ej i przyjaznej atmosferze. Dzi\u0119kujemy wszystkim za aktywny udzia\u0142 w zaj\u0119ciach.<\/p>\n","protected":false},"excerpt":{"rendered":"<p>Dnia 25 pa\u017adziernika w grupach: ,,Biedronki\u201d i ,,Muchomorki\u201d odby\u0142y si\u0119 zaj\u0119cia otwarte dla rodzic\u00f3w. Podczas zaj\u0119\u0107 rodzice mieli mo\u017cliwo\u015b\u0107 zobaczy\u0107, jak funkcjonuje dziecko w grupie przedszkolnej. Tematem przewodnim by\u0142y zwierz\u0119ta domowe. Dzieci wsp\u00f3lnie z rodzicami uczestniczy\u0142y w r\u00f3\u017cnego rodzaju zabawach ruchowych, pogadankach o zwierz\u0119tach oraz stworzy\u0142y wspania\u0142e prace plastyczne &#8211; \u017c\u00f3\u0142wiki. Zaj\u0119cia przebiega\u0142y w mi\u0142ej&hellip; <br \/> <a class=\"read-more\" href=\"http:\/\/przedszkole.kosowlacki.pl\/wordpress\/zajecia-otwarte-w-grupach-biedronki-i-muchomorki\/\">Read more<\/a><\/p>\n","protected":false},"author":9,"featured_media":0,"comment_status":"open","ping_status":"open","sticky":false,"template":"","format":"standard","meta":[],"categories":[10],"tags":[],"_links":{"self":[{"href":"http:\/\/przedszkole.kosowlacki.pl\/wordpress\/wp-json\/wp\/v2\/posts\/18809"}],"collection":[{"href":"http:\/\/przedszkole.kosowlacki.pl\/wordpress\/wp-json\/wp\/v2\/posts"}],"about":[{"href":"http:\/\/przedszkole.kosowlacki.pl\/wordpress\/wp-json\/wp\/v2\/types\/post"}],"author":[{"embeddable":true,"href":"http:\/\/przedszkole.kosowlacki.pl\/wordpress\/wp-json\/wp\/v2\/users\/9"}],"replies":[{"embeddable":true,"href":"http:\/\/przedszkole.kosowlacki.pl\/wordpress\/wp-json\/wp\/v2\/comments?post=18809"}],"version-history":[{"count":1,"href":"http:\/\/przedszkole.kosowlacki.pl\/wordpress\/wp-json\/wp\/v2\/posts\/18809\/revisions"}],"predecessor-version":[{"id":18810,"href":"http:\/\/przedszkole.kosowlacki.pl\/wordpress\/wp-json\/wp\/v2\/posts\/18809\/revisions\/18810"}],"wp:attachment":[{"href":"http:\/\/przedszkole.kosowlacki.pl\/wordpress\/wp-json\/wp\/v2\/media?parent=18809"}],"wp:term":[{"taxonomy":"category","embeddable":true,"href":"http:\/\/przedszkole.kosowlacki.pl\/wordpress\/wp-json\/wp\/v2\/categories?post=18809"},{"taxonomy":"post_tag","embeddable":true,"href":"http:\/\/przedszkole.kosowlacki.pl\/wordpress\/wp-json\/wp\/v2\/tags?post=18809"}],"curies":[{"name":"wp","href":"https:\/\/api.w.org\/{rel}","templated":true}]}}