{"id":18777,"date":"2024-10-22T18:34:04","date_gmt":"2024-10-22T16:34:04","guid":{"rendered":"http:\/\/przedszkole.kosowlacki.pl\/wordpress\/?p=18777"},"modified":"2024-10-22T18:35:02","modified_gmt":"2024-10-22T16:35:02","slug":"vii-konkurs-poetycki-im-franciszka-kobrynczuka","status":"publish","type":"post","link":"http:\/\/przedszkole.kosowlacki.pl\/wordpress\/vii-konkurs-poetycki-im-franciszka-kobrynczuka\/","title":{"rendered":"VII Konkurs Poetycki im. Franciszka Kobry\u0144czuka w Soko\u0142owie Podlaskim"},"content":{"rendered":"<p style=\"text-align: center;\">21 pa\u017adziernika w Soko\u0142owie odby\u0142 si\u0119 VII Konkurs Poetycki im. Franciszka Kobry\u0144czuka, zorganizowany przez Bibliotek\u0119 Pedagogiczn\u0105 im. Heleny Radli\u0144skiej w Siedlcach, Filia w Soko\u0142owie Podlaskim oraz Stowarzyszenie \u201eLepsze Jutro Gminy Sterdy\u0144&#8221;. Celem konkursu by\u0142o promowanie tw\u00f3rczo\u015bci poetyckiej w\u015br\u00f3d dzieci i m\u0142odzie\u017cy, rozwijanie umiej\u0119tno\u015bci recytatorskich oraz zach\u0119canie do aktywnego uczestnictwa w kulturze literackiej.<\/p>\n<p style=\"text-align: center;\">Nasze przedszkole reprezentowali Lena Stefaniak z grupy \u201eMotylki\u201d oraz Micha\u0142 Baranowski z grupy \u201eS\u0142oneczka\u201d. Dzieci otrzyma\u0142y dyplomy oraz nagrody.<\/p>\n<p style=\"text-align: center;\">Gratulujemy im wspania\u0142ych wyst\u0119p\u00f3w!<br \/>\nSerdeczne podzi\u0119kowania dla rodzic\u00f3w za wsparcie i przygotowanie.<\/p>\n<p>&nbsp;<\/p>\n<p style=\"text-align: right;\">P. Osipiak<\/p>\n","protected":false},"excerpt":{"rendered":"<p>21 pa\u017adziernika w Soko\u0142owie odby\u0142 si\u0119 VII Konkurs Poetycki im. Franciszka Kobry\u0144czuka, zorganizowany przez Bibliotek\u0119 Pedagogiczn\u0105 im. Heleny Radli\u0144skiej w Siedlcach, Filia w Soko\u0142owie Podlaskim oraz Stowarzyszenie \u201eLepsze Jutro Gminy Sterdy\u0144&#8221;. Celem konkursu by\u0142o promowanie tw\u00f3rczo\u015bci poetyckiej w\u015br\u00f3d dzieci i m\u0142odzie\u017cy, rozwijanie umiej\u0119tno\u015bci recytatorskich oraz zach\u0119canie do aktywnego uczestnictwa w kulturze literackiej. Nasze przedszkole reprezentowali&hellip; <br \/> <a class=\"read-more\" href=\"http:\/\/przedszkole.kosowlacki.pl\/wordpress\/vii-konkurs-poetycki-im-franciszka-kobrynczuka\/\">Read more<\/a><\/p>\n","protected":false},"author":9,"featured_media":0,"comment_status":"open","ping_status":"open","sticky":false,"template":"","format":"standard","meta":[],"categories":[10],"tags":[],"_links":{"self":[{"href":"http:\/\/przedszkole.kosowlacki.pl\/wordpress\/wp-json\/wp\/v2\/posts\/18777"}],"collection":[{"href":"http:\/\/przedszkole.kosowlacki.pl\/wordpress\/wp-json\/wp\/v2\/posts"}],"about":[{"href":"http:\/\/przedszkole.kosowlacki.pl\/wordpress\/wp-json\/wp\/v2\/types\/post"}],"author":[{"embeddable":true,"href":"http:\/\/przedszkole.kosowlacki.pl\/wordpress\/wp-json\/wp\/v2\/users\/9"}],"replies":[{"embeddable":true,"href":"http:\/\/przedszkole.kosowlacki.pl\/wordpress\/wp-json\/wp\/v2\/comments?post=18777"}],"version-history":[{"count":4,"href":"http:\/\/przedszkole.kosowlacki.pl\/wordpress\/wp-json\/wp\/v2\/posts\/18777\/revisions"}],"predecessor-version":[{"id":18781,"href":"http:\/\/przedszkole.kosowlacki.pl\/wordpress\/wp-json\/wp\/v2\/posts\/18777\/revisions\/18781"}],"wp:attachment":[{"href":"http:\/\/przedszkole.kosowlacki.pl\/wordpress\/wp-json\/wp\/v2\/media?parent=18777"}],"wp:term":[{"taxonomy":"category","embeddable":true,"href":"http:\/\/przedszkole.kosowlacki.pl\/wordpress\/wp-json\/wp\/v2\/categories?post=18777"},{"taxonomy":"post_tag","embeddable":true,"href":"http:\/\/przedszkole.kosowlacki.pl\/wordpress\/wp-json\/wp\/v2\/tags?post=18777"}],"curies":[{"name":"wp","href":"https:\/\/api.w.org\/{rel}","templated":true}]}}