{"id":18712,"date":"2024-10-15T14:50:01","date_gmt":"2024-10-15T12:50:01","guid":{"rendered":"http:\/\/przedszkole.kosowlacki.pl\/wordpress\/?p=18712"},"modified":"2024-10-15T14:50:40","modified_gmt":"2024-10-15T12:50:40","slug":"swiatowy-dzien-mycia-rak-8","status":"publish","type":"post","link":"http:\/\/przedszkole.kosowlacki.pl\/wordpress\/swiatowy-dzien-mycia-rak-8\/","title":{"rendered":"\u015awiatowy Dzie\u0144 Mycia R\u0105k"},"content":{"rendered":"<p style=\"text-align: center;\">15 pa\u017adziernika obchodzili\u015bmy w naszym przedszkolu \u015awiatowy Dzie\u0144 Mycia R\u0105k. G\u0142\u00f3wnym celem tego dnia by\u0142o u\u015bwiadomienie dzieciom jak wa\u017cne znaczenie ma w ich \u017cyciu codzienne mycie r\u0105k.<br \/>\nWe wszystkich grupach przedszkolnych odby\u0142y si\u0119 rozmowy na temat zarazk\u00f3w, bakterii i wirus\u00f3w, kt\u00f3re dostaj\u0105 si\u0119 do naszego organizmu poprzez brudne r\u0119ce. Przedszkolaki dowiedzia\u0142y si\u0119, jakie znaczenie dla zdrowia ma cz\u0119ste, dok\u0142adne i poprawne mycie r\u0105k. Zdobyt\u0105 wiedz\u0119 dzieci zastosowa\u0142y w praktyce oraz wykona\u0142y prace plastyczne promuj\u0105ce mycie r\u0105k. Nie zabrak\u0142o te\u017c piosenek zwi\u0105zanych z czynno\u015bciami samoobs\u0142ugowymi i nawykami higienicznymi.<br \/>\n\u015awiatowy Dzie\u0144 Mycia R\u0105k dostarczy\u0142 nam wielu wra\u017ce\u0144 oraz pokaza\u0142, \u017ce pewne umiej\u0119tno\u015bci i nawyki nale\u017cy kszta\u0142towa\u0107 ju\u017c od najm\u0142odszych lat.<\/p>\n<p>&nbsp;<\/p>\n<p style=\"text-align: right;\">Ewa Ciesielska<\/p>\n","protected":false},"excerpt":{"rendered":"<p>15 pa\u017adziernika obchodzili\u015bmy w naszym przedszkolu \u015awiatowy Dzie\u0144 Mycia R\u0105k. G\u0142\u00f3wnym celem tego dnia by\u0142o u\u015bwiadomienie dzieciom jak wa\u017cne znaczenie ma w ich \u017cyciu codzienne mycie r\u0105k. We wszystkich grupach przedszkolnych odby\u0142y si\u0119 rozmowy na temat zarazk\u00f3w, bakterii i wirus\u00f3w, kt\u00f3re dostaj\u0105 si\u0119 do naszego organizmu poprzez brudne r\u0119ce. Przedszkolaki dowiedzia\u0142y si\u0119, jakie znaczenie dla&hellip; <br \/> <a class=\"read-more\" href=\"http:\/\/przedszkole.kosowlacki.pl\/wordpress\/swiatowy-dzien-mycia-rak-8\/\">Read more<\/a><\/p>\n","protected":false},"author":9,"featured_media":0,"comment_status":"open","ping_status":"open","sticky":false,"template":"","format":"standard","meta":[],"categories":[10],"tags":[],"_links":{"self":[{"href":"http:\/\/przedszkole.kosowlacki.pl\/wordpress\/wp-json\/wp\/v2\/posts\/18712"}],"collection":[{"href":"http:\/\/przedszkole.kosowlacki.pl\/wordpress\/wp-json\/wp\/v2\/posts"}],"about":[{"href":"http:\/\/przedszkole.kosowlacki.pl\/wordpress\/wp-json\/wp\/v2\/types\/post"}],"author":[{"embeddable":true,"href":"http:\/\/przedszkole.kosowlacki.pl\/wordpress\/wp-json\/wp\/v2\/users\/9"}],"replies":[{"embeddable":true,"href":"http:\/\/przedszkole.kosowlacki.pl\/wordpress\/wp-json\/wp\/v2\/comments?post=18712"}],"version-history":[{"count":2,"href":"http:\/\/przedszkole.kosowlacki.pl\/wordpress\/wp-json\/wp\/v2\/posts\/18712\/revisions"}],"predecessor-version":[{"id":18714,"href":"http:\/\/przedszkole.kosowlacki.pl\/wordpress\/wp-json\/wp\/v2\/posts\/18712\/revisions\/18714"}],"wp:attachment":[{"href":"http:\/\/przedszkole.kosowlacki.pl\/wordpress\/wp-json\/wp\/v2\/media?parent=18712"}],"wp:term":[{"taxonomy":"category","embeddable":true,"href":"http:\/\/przedszkole.kosowlacki.pl\/wordpress\/wp-json\/wp\/v2\/categories?post=18712"},{"taxonomy":"post_tag","embeddable":true,"href":"http:\/\/przedszkole.kosowlacki.pl\/wordpress\/wp-json\/wp\/v2\/tags?post=18712"}],"curies":[{"name":"wp","href":"https:\/\/api.w.org\/{rel}","templated":true}]}}