{"id":18485,"date":"2024-10-01T21:07:12","date_gmt":"2024-10-01T19:07:12","guid":{"rendered":"http:\/\/przedszkole.kosowlacki.pl\/wordpress\/?p=18485"},"modified":"2024-10-01T21:07:12","modified_gmt":"2024-10-01T19:07:12","slug":"pierwsza-pomoc-w-przedszkolu","status":"publish","type":"post","link":"http:\/\/przedszkole.kosowlacki.pl\/wordpress\/pierwsza-pomoc-w-przedszkolu\/","title":{"rendered":"Pierwsza pomoc w przedszkolu"},"content":{"rendered":"<p>Nasze przedszkole rozpocz\u0119\u0142o pa\u017adziernik pod has\u0142em \u201ePierwsza pomoc\u201d. Od dzisiaj rusza cykl spotka\u0144 z nasz\u0105 pani\u0105 psycholog, dotycz\u0105ce udzielania pierwszej pomocy przedmedycznej. \u00a0Dzisiaj odby\u0142y si\u0119 zaj\u0119cia z pierwszej pomocy w najstarszych grupach 5 i 6 -latk\u00f3w. Dzieci mog\u0142y poczu\u0107 si\u0119 jak mali ratownicy. Zapoznali si\u0119 z podstawowym sprz\u0119tem medycznym, odzie\u017c\u0105 medyczn\u0105 oraz om\u00f3wili sytuacje, kt\u00f3re wymagaj\u0105 pierwszej pomocy. Spotkanie mia\u0142o na celu kszta\u0142towanie pozytywnych i bezpiecznych postaw oraz zapoznanie dzieci z podstawowymi czynno\u015bciami ratowniczymi.<\/p>\n<p>&nbsp;<\/p>\n<p>&nbsp;<\/p>\n<p style=\"text-align: right;\">A. Ferenc<\/p>\n","protected":false},"excerpt":{"rendered":"<p>Nasze przedszkole rozpocz\u0119\u0142o pa\u017adziernik pod has\u0142em \u201ePierwsza pomoc\u201d. Od dzisiaj rusza cykl spotka\u0144 z nasz\u0105 pani\u0105 psycholog, dotycz\u0105ce udzielania pierwszej pomocy przedmedycznej. \u00a0Dzisiaj odby\u0142y si\u0119 zaj\u0119cia z pierwszej pomocy w najstarszych grupach 5 i 6 -latk\u00f3w. Dzieci mog\u0142y poczu\u0107 si\u0119 jak mali ratownicy. Zapoznali si\u0119 z podstawowym sprz\u0119tem medycznym, odzie\u017c\u0105 medyczn\u0105 oraz om\u00f3wili sytuacje, kt\u00f3re&hellip; <br \/> <a class=\"read-more\" href=\"http:\/\/przedszkole.kosowlacki.pl\/wordpress\/pierwsza-pomoc-w-przedszkolu\/\">Read more<\/a><\/p>\n","protected":false},"author":8,"featured_media":0,"comment_status":"open","ping_status":"open","sticky":false,"template":"","format":"standard","meta":[],"categories":[10],"tags":[],"_links":{"self":[{"href":"http:\/\/przedszkole.kosowlacki.pl\/wordpress\/wp-json\/wp\/v2\/posts\/18485"}],"collection":[{"href":"http:\/\/przedszkole.kosowlacki.pl\/wordpress\/wp-json\/wp\/v2\/posts"}],"about":[{"href":"http:\/\/przedszkole.kosowlacki.pl\/wordpress\/wp-json\/wp\/v2\/types\/post"}],"author":[{"embeddable":true,"href":"http:\/\/przedszkole.kosowlacki.pl\/wordpress\/wp-json\/wp\/v2\/users\/8"}],"replies":[{"embeddable":true,"href":"http:\/\/przedszkole.kosowlacki.pl\/wordpress\/wp-json\/wp\/v2\/comments?post=18485"}],"version-history":[{"count":1,"href":"http:\/\/przedszkole.kosowlacki.pl\/wordpress\/wp-json\/wp\/v2\/posts\/18485\/revisions"}],"predecessor-version":[{"id":18486,"href":"http:\/\/przedszkole.kosowlacki.pl\/wordpress\/wp-json\/wp\/v2\/posts\/18485\/revisions\/18486"}],"wp:attachment":[{"href":"http:\/\/przedszkole.kosowlacki.pl\/wordpress\/wp-json\/wp\/v2\/media?parent=18485"}],"wp:term":[{"taxonomy":"category","embeddable":true,"href":"http:\/\/przedszkole.kosowlacki.pl\/wordpress\/wp-json\/wp\/v2\/categories?post=18485"},{"taxonomy":"post_tag","embeddable":true,"href":"http:\/\/przedszkole.kosowlacki.pl\/wordpress\/wp-json\/wp\/v2\/tags?post=18485"}],"curies":[{"name":"wp","href":"https:\/\/api.w.org\/{rel}","templated":true}]}}