{"id":18382,"date":"2024-09-30T10:31:05","date_gmt":"2024-09-30T08:31:05","guid":{"rendered":"http:\/\/przedszkole.kosowlacki.pl\/wordpress\/?p=18382"},"modified":"2024-09-30T10:33:58","modified_gmt":"2024-09-30T08:33:58","slug":"konkurs-poetycki-im-franciszka-kobrynczuka-2","status":"publish","type":"post","link":"http:\/\/przedszkole.kosowlacki.pl\/wordpress\/konkurs-poetycki-im-franciszka-kobrynczuka-2\/","title":{"rendered":"Konkurs Poetycki im. Franciszka Kobry\u0144czuka"},"content":{"rendered":"<h3 style=\"text-align: center;\"><span style=\"color: #ff0000;\">14.10.2024r. (poniedzia\u0142ek)<\/span> w naszym przedszkolu odb\u0119dzie si\u0119<\/h3>\n<h3 style=\"text-align: center;\">&#8222;Konkurs Poetycki im. Franciszka Kobry\u0144czuka&#8221;.<\/h3>\n<h3 style=\"text-align: center;\">Konkurs przeznaczony jest dla dzieci 5 i 6 letnich.<\/h3>\n<h3 style=\"text-align: center;\">Prosimy zg\u0142asza\u0107 dzieci do wychowawc\u00f3w do <span style=\"color: #ff0000;\">11.10.2024r.<\/span><\/h3>\n<h3 style=\"text-align: center;\">(przy zg\u0142oszeniu nale\u017cy poda\u0107 tytu\u0142 wiersza autorstwa Franciszka Kobry\u0144czuka).<\/h3>\n<p>&nbsp;<\/p>\n<p>&nbsp;<\/p>\n<h6 style=\"text-align: center;\">Regulamin konkursu znajduje si\u0119 w przedszkolu na tablicy og\u0142osze\u0144<\/h6>\n","protected":false},"excerpt":{"rendered":"<p>14.10.2024r. (poniedzia\u0142ek) w naszym przedszkolu odb\u0119dzie si\u0119 &#8222;Konkurs Poetycki im. Franciszka Kobry\u0144czuka&#8221;. Konkurs przeznaczony jest dla dzieci 5 i 6 letnich. Prosimy zg\u0142asza\u0107 dzieci do wychowawc\u00f3w do 11.10.2024r. (przy zg\u0142oszeniu nale\u017cy poda\u0107 tytu\u0142 wiersza autorstwa Franciszka Kobry\u0144czuka). &nbsp; &nbsp; Regulamin konkursu znajduje si\u0119 w przedszkolu na tablicy og\u0142osze\u0144<\/p>\n","protected":false},"author":9,"featured_media":0,"comment_status":"open","ping_status":"open","sticky":false,"template":"","format":"standard","meta":[],"categories":[11],"tags":[],"_links":{"self":[{"href":"http:\/\/przedszkole.kosowlacki.pl\/wordpress\/wp-json\/wp\/v2\/posts\/18382"}],"collection":[{"href":"http:\/\/przedszkole.kosowlacki.pl\/wordpress\/wp-json\/wp\/v2\/posts"}],"about":[{"href":"http:\/\/przedszkole.kosowlacki.pl\/wordpress\/wp-json\/wp\/v2\/types\/post"}],"author":[{"embeddable":true,"href":"http:\/\/przedszkole.kosowlacki.pl\/wordpress\/wp-json\/wp\/v2\/users\/9"}],"replies":[{"embeddable":true,"href":"http:\/\/przedszkole.kosowlacki.pl\/wordpress\/wp-json\/wp\/v2\/comments?post=18382"}],"version-history":[{"count":4,"href":"http:\/\/przedszkole.kosowlacki.pl\/wordpress\/wp-json\/wp\/v2\/posts\/18382\/revisions"}],"predecessor-version":[{"id":18385,"href":"http:\/\/przedszkole.kosowlacki.pl\/wordpress\/wp-json\/wp\/v2\/posts\/18382\/revisions\/18385"}],"wp:attachment":[{"href":"http:\/\/przedszkole.kosowlacki.pl\/wordpress\/wp-json\/wp\/v2\/media?parent=18382"}],"wp:term":[{"taxonomy":"category","embeddable":true,"href":"http:\/\/przedszkole.kosowlacki.pl\/wordpress\/wp-json\/wp\/v2\/categories?post=18382"},{"taxonomy":"post_tag","embeddable":true,"href":"http:\/\/przedszkole.kosowlacki.pl\/wordpress\/wp-json\/wp\/v2\/tags?post=18382"}],"curies":[{"name":"wp","href":"https:\/\/api.w.org\/{rel}","templated":true}]}}