{"id":18353,"date":"2024-09-27T17:47:40","date_gmt":"2024-09-27T15:47:40","guid":{"rendered":"http:\/\/przedszkole.kosowlacki.pl\/wordpress\/?p=18353"},"modified":"2024-09-27T17:50:32","modified_gmt":"2024-09-27T15:50:32","slug":"bezpieczny-przedszkolak-3","status":"publish","type":"post","link":"http:\/\/przedszkole.kosowlacki.pl\/wordpress\/bezpieczny-przedszkolak-3\/","title":{"rendered":"Bezpieczny Przedszkolak"},"content":{"rendered":"<p style=\"text-align: center;\"><em>\u201eGdy przez pasy przej\u015b\u0107 wypada,<\/em><\/p>\n<p style=\"text-align: center;\"><em>Wa\u017cna wtedy jest zasada:<\/em><\/p>\n<p style=\"text-align: center;\"><em>By rozejrze\u0107 si\u0119 na boki,<\/em><\/p>\n<p style=\"text-align: center;\"><em>Nim postawi\u0119 pierwsze kroki.<\/em><\/p>\n<p style=\"text-align: center;\"><em>Patrz\u0119 w lewo, patrz\u0119 w prawo,<\/em><\/p>\n<p style=\"text-align: center;\"><em>Zn\u00f3w na lewo zerkam \u017cwawo.<\/em><\/p>\n<p style=\"text-align: center;\"><em>Gdy ju\u017c czuj\u0119 si\u0119 bezpiecznie,<\/em><\/p>\n<p style=\"text-align: center;\"><em>To przez pasy id\u0119 grzecznie.<\/em><\/p>\n<p style=\"text-align: center;\"><em>Szybkim krokiem maszeruj\u0119,<\/em><\/p>\n<p style=\"text-align: center;\"><em>Doros\u0142ego si\u0119 pilnuj\u0119.\u201d<\/em><\/p>\n<p style=\"text-align: center;\">W naszym przedszkolu od wielu lat realizujemy program \u201e Bezpieczny przedszkolak\u201d i w\u0142a\u015bnie pod tym has\u0142em odbywa\u0142y si\u0119 zaj\u0119cia we wrze\u015bniu. Ich celem by\u0142o zapoznanie dzieci z podstawowymi zasadami bezpiecznego poruszania si\u0119 na drodze oraz uwra\u017cliwienie ich na potrzeb\u0119 zachowania bezpiecze\u0144stwa w sali, ogrodzie przedszkolnym, na spacerach i wycieczkach. Przedszkolaki pozna\u0142y numery alarmowe oraz wybrane znaki drogowe. Niekt\u00f3re grupy by\u0142y na wycieczce na skrzy\u017cowaniu i stosuj\u0105c si\u0119 do sygnalizacji \u015bwietlnej uczy\u0142y si\u0119 prawid\u0142owego przej\u015bcia przez pasy. W czasie zaj\u0119\u0107 i zabaw dzieci mog\u0142y wykaza\u0107 si\u0119 wiedz\u0105, umiej\u0119tno\u015bciami oraz poszerzy\u0107 swoje zainteresowania zasadami ruchu drogowego.<\/p>\n<p>&nbsp;<\/p>\n<p style=\"text-align: right;\">P. Osipiak<\/p>\n","protected":false},"excerpt":{"rendered":"<p>\u201eGdy przez pasy przej\u015b\u0107 wypada, Wa\u017cna wtedy jest zasada: By rozejrze\u0107 si\u0119 na boki, Nim postawi\u0119 pierwsze kroki. Patrz\u0119 w lewo, patrz\u0119 w prawo, Zn\u00f3w na lewo zerkam \u017cwawo. Gdy ju\u017c czuj\u0119 si\u0119 bezpiecznie, To przez pasy id\u0119 grzecznie. Szybkim krokiem maszeruj\u0119, Doros\u0142ego si\u0119 pilnuj\u0119.\u201d W naszym przedszkolu od wielu lat realizujemy program \u201e Bezpieczny&hellip; <br \/> <a class=\"read-more\" href=\"http:\/\/przedszkole.kosowlacki.pl\/wordpress\/bezpieczny-przedszkolak-3\/\">Read more<\/a><\/p>\n","protected":false},"author":9,"featured_media":0,"comment_status":"open","ping_status":"open","sticky":false,"template":"","format":"standard","meta":[],"categories":[10],"tags":[],"_links":{"self":[{"href":"http:\/\/przedszkole.kosowlacki.pl\/wordpress\/wp-json\/wp\/v2\/posts\/18353"}],"collection":[{"href":"http:\/\/przedszkole.kosowlacki.pl\/wordpress\/wp-json\/wp\/v2\/posts"}],"about":[{"href":"http:\/\/przedszkole.kosowlacki.pl\/wordpress\/wp-json\/wp\/v2\/types\/post"}],"author":[{"embeddable":true,"href":"http:\/\/przedszkole.kosowlacki.pl\/wordpress\/wp-json\/wp\/v2\/users\/9"}],"replies":[{"embeddable":true,"href":"http:\/\/przedszkole.kosowlacki.pl\/wordpress\/wp-json\/wp\/v2\/comments?post=18353"}],"version-history":[{"count":2,"href":"http:\/\/przedszkole.kosowlacki.pl\/wordpress\/wp-json\/wp\/v2\/posts\/18353\/revisions"}],"predecessor-version":[{"id":18355,"href":"http:\/\/przedszkole.kosowlacki.pl\/wordpress\/wp-json\/wp\/v2\/posts\/18353\/revisions\/18355"}],"wp:attachment":[{"href":"http:\/\/przedszkole.kosowlacki.pl\/wordpress\/wp-json\/wp\/v2\/media?parent=18353"}],"wp:term":[{"taxonomy":"category","embeddable":true,"href":"http:\/\/przedszkole.kosowlacki.pl\/wordpress\/wp-json\/wp\/v2\/categories?post=18353"},{"taxonomy":"post_tag","embeddable":true,"href":"http:\/\/przedszkole.kosowlacki.pl\/wordpress\/wp-json\/wp\/v2\/tags?post=18353"}],"curies":[{"name":"wp","href":"https:\/\/api.w.org\/{rel}","templated":true}]}}