{"id":18219,"date":"2024-09-19T10:35:04","date_gmt":"2024-09-19T08:35:04","guid":{"rendered":"http:\/\/przedszkole.kosowlacki.pl\/wordpress\/?p=18219"},"modified":"2024-09-19T10:35:04","modified_gmt":"2024-09-19T08:35:04","slug":"ogloszenie-27","status":"publish","type":"post","link":"http:\/\/przedszkole.kosowlacki.pl\/wordpress\/ogloszenie-27\/","title":{"rendered":"Og\u0142oszenie"},"content":{"rendered":"<h3 align=\"left\"><span style=\"color: #ff0000;\"><strong>23 wrze\u015bnia<\/strong><\/span> (poniedzia\u0142ek) w naszym przedszkolu powitamy now\u0105 por\u0119 roku\u00a0 <span style=\"color: #ff6600;\">JESIE\u0143<\/span>. Prosimy, aby tego dnia dzieci mia\u0142y na sobie ubrania w kolorach jesiennych (<span style=\"color: #ffff00;\">\u017c\u00f3\u0142ty<\/span>, <span style=\"color: #ff6600;\">pomara\u0144czowy<\/span>, <span style=\"color: #ff0000;\">czerwony<\/span>, <span style=\"color: #008000;\">zielony<\/span>, <span style=\"color: #993300;\">br\u0105zowy<\/span>&#8211; do wyboru)<\/h3>\n","protected":false},"excerpt":{"rendered":"<p>23 wrze\u015bnia (poniedzia\u0142ek) w naszym przedszkolu powitamy now\u0105 por\u0119 roku\u00a0 JESIE\u0143. Prosimy, aby tego dnia dzieci mia\u0142y na sobie ubrania w kolorach jesiennych (\u017c\u00f3\u0142ty, pomara\u0144czowy, czerwony, zielony, br\u0105zowy&#8211; do wyboru)<\/p>\n","protected":false},"author":2,"featured_media":0,"comment_status":"open","ping_status":"open","sticky":false,"template":"","format":"standard","meta":[],"categories":[11],"tags":[],"_links":{"self":[{"href":"http:\/\/przedszkole.kosowlacki.pl\/wordpress\/wp-json\/wp\/v2\/posts\/18219"}],"collection":[{"href":"http:\/\/przedszkole.kosowlacki.pl\/wordpress\/wp-json\/wp\/v2\/posts"}],"about":[{"href":"http:\/\/przedszkole.kosowlacki.pl\/wordpress\/wp-json\/wp\/v2\/types\/post"}],"author":[{"embeddable":true,"href":"http:\/\/przedszkole.kosowlacki.pl\/wordpress\/wp-json\/wp\/v2\/users\/2"}],"replies":[{"embeddable":true,"href":"http:\/\/przedszkole.kosowlacki.pl\/wordpress\/wp-json\/wp\/v2\/comments?post=18219"}],"version-history":[{"count":1,"href":"http:\/\/przedszkole.kosowlacki.pl\/wordpress\/wp-json\/wp\/v2\/posts\/18219\/revisions"}],"predecessor-version":[{"id":18220,"href":"http:\/\/przedszkole.kosowlacki.pl\/wordpress\/wp-json\/wp\/v2\/posts\/18219\/revisions\/18220"}],"wp:attachment":[{"href":"http:\/\/przedszkole.kosowlacki.pl\/wordpress\/wp-json\/wp\/v2\/media?parent=18219"}],"wp:term":[{"taxonomy":"category","embeddable":true,"href":"http:\/\/przedszkole.kosowlacki.pl\/wordpress\/wp-json\/wp\/v2\/categories?post=18219"},{"taxonomy":"post_tag","embeddable":true,"href":"http:\/\/przedszkole.kosowlacki.pl\/wordpress\/wp-json\/wp\/v2\/tags?post=18219"}],"curies":[{"name":"wp","href":"https:\/\/api.w.org\/{rel}","templated":true}]}}