{"id":18073,"date":"2024-09-10T14:45:50","date_gmt":"2024-09-10T12:45:50","guid":{"rendered":"http:\/\/przedszkole.kosowlacki.pl\/wordpress\/?p=18073"},"modified":"2024-09-10T14:45:50","modified_gmt":"2024-09-10T12:45:50","slug":"ogloszenie-26","status":"publish","type":"post","link":"http:\/\/przedszkole.kosowlacki.pl\/wordpress\/ogloszenie-26\/","title":{"rendered":"Og\u0142oszenie"},"content":{"rendered":"<p align=\"center\"><span style=\"font-family: Times New Roman, serif;\"><span style=\"font-size: medium;\"><b>OG\u0141OSZENIE O NABORZE NA\u00a0 WOLNE STANOWISKO PRACY<\/b><\/span><\/span><\/p>\n<p align=\"justify\">\u00a0\u00a0\u00a0\u00a0\u00a0\u00a0 <span style=\"font-family: Times New Roman, serif;\"><span style=\"font-size: medium;\">Dyrektor Gminnego Przedszkola w Kosowie Lackim\u00a0og\u0142asza nab\u00f3r na wolne stanowisko <\/span><\/span><span style=\"font-family: Times New Roman, serif;\"><span style=\"font-size: medium;\">pracy<\/span><\/span><\/p>\n<p align=\"center\"><span style=\"font-family: Times New Roman, serif;\"><span style=\"font-size: medium;\"><b>Kucharz\u00a0(w pe\u0142nym wymiarze czasu pracy \u2013 1 etat).<\/b><\/span><\/span><\/p>\n<p align=\"justify\"><span style=\"font-family: Times New Roman, serif;\"><span style=\"font-size: medium;\"><b>1. Wymagania niezb\u0119dne:<\/b><\/span><\/span><\/p>\n<p align=\"justify\"><span style=\"font-family: Times New Roman, serif;\"><span style=\"font-size: medium;\">&#8211;\u00a0\u00a0\u00a0\u00a0 \u00a0 wykszta\u0142cenie\u00a0gastronomiczne &#8211; kucharz,<\/span><\/span><\/p>\n<p align=\"justify\"><span style=\"font-family: Times New Roman, serif;\"><span style=\"font-size: medium;\">&#8211;\u00a0\u00a0\u00a0\u00a0\u00a0\u00a0 umiej\u0119tno\u015b\u0107 wykonywania czynno\u015bci na powierzonym stanowisku,<\/span><\/span><\/p>\n<p align=\"justify\"><span style=\"font-family: Times New Roman, serif;\"><span style=\"font-size: medium;\">&#8211;\u00a0\u00a0\u00a0\u00a0\u00a0\u00a0 pe\u0142na zdolno\u015b\u0107 do czynno\u015bci prawnych oraz korzystanie z pe\u0142ni praw publicznych,<\/span><\/span><\/p>\n<p align=\"justify\"><span style=\"font-family: Times New Roman, serif;\"><span style=\"font-size: medium;\">&#8211;\u00a0\u00a0\u00a0\u00a0\u00a0\u00a0 niekaralno\u015b\u0107 za przest\u0119pstwo pope\u0142nione umy\u015blnie,<\/span><\/span><\/p>\n<p align=\"justify\"><span style=\"font-family: Times New Roman, serif;\"><span style=\"font-size: medium;\">&#8211;\u00a0\u00a0\u00a0\u00a0\u00a0\u00a0 stan zdrowia pozwalaj\u0105cy na wykonywanie pracy na stanowisku kucharz<\/span><\/span><\/p>\n<p align=\"justify\"><span style=\"color: #000000;\">\u00a0<\/span><span style=\"font-family: Times New Roman, serif;\"><span style=\"font-size: medium;\"><b><span style=\"color: #000000;\">2. Wymagania dodatkowe:<\/span><\/b><\/span><\/span><\/p>\n<p align=\"justify\"><span style=\"color: #000000;\"> <span style=\"font-family: Times New Roman, serif;\"><span style=\"font-size: medium;\">&#8211;\u00a0\u00a0\u00a0\u00a0\u00a0 \u00a0umiej\u0119tno\u015b\u0107 pracy w zespole oraz nawi\u0105zywania dobrych relacji z pracownikami, dzie\u0107mi i rodzicami,\u00a0<\/span><\/span><\/span><\/p>\n<p align=\"justify\"><span style=\"font-family: Times New Roman, serif;\"><span style=\"font-size: medium;\"><span style=\"color: #000000;\">&#8211;\u00a0\u00a0\u00a0\u00a0\u00a0 \u00a0systematyczno\u015b\u0107, odpowiedzialno\u015b\u0107 i dyscyplina pracy,<\/span><\/span><\/span><\/p>\n<p align=\"justify\"><span style=\"font-family: Times New Roman, serif;\"><span style=\"font-size: medium;\"><span style=\"color: #000000;\">&#8211;\u00a0\u00a0\u00a0\u00a0\u00a0\u00a0 przestrzeganie podstawowych zasad moralnych,<\/span><\/span><\/span><\/p>\n<p align=\"justify\"><span style=\"font-family: Times New Roman, serif;\"><span style=\"font-size: medium;\"><span style=\"color: #000000;\">&#8211;\u00a0\u00a0\u00a0\u00a0\u00a0 \u00a0sumienno\u015b\u0107 i punktualno\u015b\u0107.<\/span><\/span><\/span><\/p>\n<p align=\"justify\"><span style=\"color: #000000;\">\u00a0<\/span><span style=\"font-family: Times New Roman, serif;\"><span style=\"font-size: medium;\"><b><span style=\"color: #000000;\">3. Zakres zada\u0144 wykonywanych na stanowisku:<\/span><\/b><\/span><\/span><\/p>\n<ol>\n<li style=\"list-style-type: none;\">\n<ol type=\"a\">\n<li><span style=\"font-family: Times New Roman, serif;\"><span style=\"font-size: medium;\">sporz\u0105dzanie posi\u0142k\u00f3w zgodnie z wymogami racjonalnego \u017cywienia,<\/span><\/span><\/li>\n<li><span style=\"font-family: Times New Roman, serif;\"><span style=\"font-size: medium;\">uczestniczenie w planowaniu jad\u0142ospis\u00f3w i przygotowywaniu wed\u0142ug niego posi\u0142k\u00f3w.<\/span><\/span><\/li>\n<li><span style=\"font-family: Times New Roman, serif;\"><span style=\"font-size: medium;\">przestrzeganie w\u0142a\u015bciwego podzia\u0142u pracy w kuchni i nadz\u00f3r nad jej wykonaniem.<\/span><\/span><\/li>\n<li><span style=\"font-family: Times New Roman, serif;\"><span style=\"font-size: medium;\">dba\u0142o\u015b\u0107 o czysto\u015b\u0107 pomieszcze\u0144 kuchennych, utrzymywanie we w\u0142a\u015bciwym stanie powierzonego sprz\u0119tu kuchennego oraz przestrzeganie zasad BHP<\/span><\/span><\/li>\n<\/ol>\n<\/li>\n<\/ol>\n<p align=\"justify\"><span style=\"font-family: Times New Roman, serif;\"><span style=\"font-size: medium;\"><span style=\"color: #000000;\"><b>4.<\/b><\/span> <b><span style=\"color: #000000;\">Wymagane dokumenty:<\/span><\/b><\/span><\/span><\/p>\n<ol type=\"a\">\n<li value=\"1\">\n<p align=\"justify\"><span style=\"font-family: Times New Roman, serif;\"><span style=\"font-size: medium;\"><span style=\"color: #000000;\">Curriculum Vitae opatrzone klauzul\u0105 &#8211;\u00a0<\/span><em><span style=\"color: #000000;\">\u201eWyra\u017cam zgod\u0119 na przetwarzanie danych osobowych zawartych w mojej ofercie pracy dla potrzeb niezb\u0119dnych do realizacji procesu rekrutacji oraz przysz\u0142ych proces\u00f3w rekrutacyjnych\u00a0zgodnie z art. 6 ust. 1 lit. a Rozporz\u0105dzeniem Parlamentu Europejskiego i Rady (UE) 2016\/679 z dnia 27 kwietnia 2016 r. w sprawie ochrony os\u00f3b fizycznych w zwi\u0105zku z przetwarzaniem danych osobowych i w sprawie swobodnego przep\u0142ywu takich danych oraz uchylenia dyrektywy 95\/46\/WE (RODO)<\/span><\/em><span style=\"color: #777777;\">,<\/span><\/span><\/span><\/p>\n<\/li>\n<li>\n<p align=\"justify\"><span style=\"font-family: Times New Roman, serif;\"><span style=\"font-size: medium;\"><span style=\"color: #000000;\">kserokopie dokument\u00f3w potwierdzaj\u0105cych posiadane wykszta\u0142cenie.<\/span><\/span><\/span><\/p>\n<\/li>\n<\/ol>\n<p align=\"justify\"><span style=\"font-family: Times New Roman, serif;\"><span style=\"font-size: medium;\"><b><span style=\"color: #000000;\">Wszystkie dokumenty aplikacyjne winny by\u0107 przez kandydata w\u0142asnor\u0119cznie podpisane.<\/span><\/b><\/span><\/span><\/p>\n<p align=\"justify\"><span style=\"font-family: Times New Roman, serif;\"><span style=\"font-size: medium;\"><b><span style=\"color: #000000;\">Aplikacja nie \u00a0zawieraj\u0105ca podpisanego o\u015bwiadczenia o wyra\u017ceniu zgody na przetwarzanie danych osobowych lub zawieraj\u0105ca o\u015bwiadczenie o wadliwej tre\u015bci\u00a0 nie b\u0119dzie uwzgl\u0119dniona w procesie rekrutacji.<\/span><\/b><\/span><\/span><\/p>\n<p align=\"justify\"><span style=\"font-family: Times New Roman, serif;\"><span style=\"font-size: medium;\"><b><span style=\"color: #000000;\">5<\/span><\/b><span style=\"color: #000000;\">.\u00a0<\/span><span style=\"color: #000000;\"><b>Ochrona danych osobowych:<\/b><\/span><\/span><\/span><\/p>\n<p align=\"justify\"><a name=\"_GoBack\"><\/a> <span style=\"font-family: Times New Roman, serif;\"><span style=\"font-size: medium;\">Zgodnie z art. 13 ust. 1 i 2 Rozporz\u0105dzenia Parlamentu Europejskiego i Rady (UE) 2016\/679 z dnia 27 kwietnia 2016r. w sprawie ochrony os\u00f3b fizycznych w zwi\u0105zku z przetwarzaniem danych osobowych i w sprawie swobodnego przep\u0142ywu takich danych oraz uchylenia dyrektywy 95\/46\/WE (og\u00f3lne rozporz\u0105dzenie o ochronie danych), dalej \u201eRODO\u201d, informuj\u0119, \u017ce:<\/span><\/span><\/p>\n<ol>\n<li>\n<p align=\"justify\"><span style=\"font-family: Times New Roman, serif;\"><span style=\"font-size: medium;\">Administratorem danych osobowych jest Dyrektor Gminnego Przedszkola w Kosowie Lackim, ul. Polna 1, 08-330 Kos\u00f3w Lacki.<\/span><\/span><\/p>\n<\/li>\n<li>\n<p align=\"justify\"><span style=\"font-family: Times New Roman, serif;\"><span style=\"font-size: medium;\">Inspektor ochrony danych jest dost\u0119pny pod adresem e-mail: <span style=\"color: #ff0000;\"><u><a class=\"western\" href=\"mailto:inspektor.rodo@naticom.pl\"><span style=\"color: #000000;\">inspektor.rodo@naticom.pl<\/span><\/a><\/u><\/span><\/span><\/span><\/p>\n<\/li>\n<li>\n<p align=\"justify\"><span style=\"font-family: Times New Roman, serif;\"><span style=\"font-size: medium;\">Pani\/Pana dane osobowe przetwarzane b\u0119d\u0105 w celu realizacji i dokumentacji procesu rekrutacji na wolne stanowisko urz\u0119dnicze, a w przypadku zatrudnienia w celu realizacji umowy o prac\u0119 na podstawie art. 6 ust. 1 lit. a, b, c oraz art. 9 ust. 2 lit. b, g, h RODO, Kodeksu pracy.<\/span><\/span><\/p>\n<\/li>\n<li>\n<p align=\"justify\"><span style=\"font-family: Times New Roman, serif;\"><span style=\"font-size: medium;\">Dane osobowe mog\u0105 by\u0107 udost\u0119pniane innym podmiotom, uprawnionym do ich otrzymania na podstawie obowi\u0105zuj\u0105cych przepis\u00f3w prawa.<\/span><\/span><\/p>\n<\/li>\n<li>\n<p align=\"justify\"><span style=\"font-family: Times New Roman, serif;\"><span style=\"font-size: medium;\">Dane osobowe b\u0119d\u0105 przechowywane:<\/span><\/span><\/p>\n<\/li>\n<\/ol>\n<ul>\n<li>\n<p align=\"justify\"><span style=\"font-family: Times New Roman, serif;\"><span style=\"font-size: large;\"><span style=\"font-size: medium;\">w przypadku kandydat\u00f3w do pracy: przez okres 3 miesi\u0119cy od dnia zatrudnienia kandydata wy\u0142onionego w naborze (nab\u00f3r rozstrzygni\u0119ty), a w przypadku niewy\u0142onienia kandydata &#8211; przez okres 3 miesi\u0119cy od dnia upowszechnienia informacji o wyniku naboru (nab\u00f3r nierozstrzygni\u0119ty),<\/span><\/span><\/span><\/p>\n<\/li>\n<li>\n<p align=\"justify\"><span style=\"font-family: Times New Roman, serif;\"><span style=\"font-size: large;\"><span style=\"font-size: medium;\">w przypadku zatrudnienia: przez okres realizacji umowy o prac\u0119 oraz do czasu okre\u015blonego w przepisach o narodowym zasobie archiwalnym i archiwach.<\/span><\/span><\/span><\/p>\n<\/li>\n<\/ul>\n<ol start=\"6\">\n<li>\n<p align=\"justify\"><span style=\"font-family: Times New Roman, serif;\"><span style=\"font-size: large;\"><span style=\"font-size: medium;\">Przys\u0142uguje Pani\/Panu prawo dost\u0119pu do tre\u015bci swoich danych, prawo ich sprostowania oraz prawo ograniczenia przetwarzania, a w przypadku danych przetwarzanych na podstawie wyra\u017conej zgody r\u00f3wnie\u017c do ich usuni\u0119cia oraz cofni\u0119cia zgody przetwarzania danych osobowych w dowolnym momencie bez wp\u0142ywu na zgodno\u015b\u0107 z prawem przetwarzania, kt\u00f3rego dokonano na podstawie zgody przed jej cofni\u0119ciem.<\/span><\/span><\/span><\/p>\n<\/li>\n<li>\n<p align=\"justify\"><span style=\"font-family: Times New Roman, serif;\"><span style=\"font-size: large;\"><span style=\"font-size: medium;\">Na niezgodne z prawem przetwarzanie Pani\/Pana danych osobowych przys\u0142uguje Pani\/Panu prawo wniesienia skargi do organu nadzorczego \u2013 Prezesa Urz\u0119du Ochrony Danych Osobowych.<\/span><\/span><\/span><\/p>\n<\/li>\n<li>\n<p align=\"justify\"><span style=\"font-family: Times New Roman, serif;\"><span style=\"font-size: large;\"><span style=\"font-size: medium;\">Podanie danych osobowych jest wymogiem ustawowym. Jest Pani\/Pan zobowi\u0105zana\/y do ich podania, a konsekwencj\u0105 niepodania danych osobowych b\u0119dzie odrzucenie oferty aplikacyjnej z powodu brak\u00f3w formalnych lub brak mo\u017cliwo\u015bci zawarcia umowy o prac\u0119. Podanie danych osobowych wykraczaj\u0105cych poza wym\u00f3g ustawowy jest dobrowolne.<\/span><\/span><\/span><\/p>\n<\/li>\n<li>\n<p align=\"justify\"><span style=\"font-family: Times New Roman, serif;\"><span style=\"font-size: large;\"><span style=\"font-size: medium;\">Dane nie b\u0119d\u0105 przetwarzane w spos\u00f3b zautomatyzowany, w tym r\u00f3wnie\u017c w formie profilowania.<\/span><\/span><\/span><\/p>\n<\/li>\n<\/ol>\n<p align=\"justify\"><span style=\"font-family: Times New Roman, serif;\"><span style=\"font-size: medium;\"><span style=\"color: #000000;\">6. <\/span><b><span style=\"color: #000000;\">Termin i miejsce sk\u0142adania dokument\u00f3w:<\/span><\/b><\/span><\/span><\/p>\n<p align=\"justify\"><span style=\"font-family: Times New Roman, serif;\"><span style=\"font-size: medium;\"><span style=\"color: #000000;\">Wymagane dokumenty aplikacyjne nale\u017cy\u00a0 z\u0142o\u017cy\u0107 osobi\u015bcie w sekretariacie Gminnego Przedszkola w Kosowie Lackim przy ul. Polnej 1 \u00a0<\/span><b><span style=\"color: #000000;\">w terminie do dnia 18 wrze\u015bnia 2024 roku\u00a0 do godz.16<\/span><\/b><b><span style=\"color: #000000;\"><sup>00<\/sup><\/span><\/b><b><span style=\"color: #000000;\">.<\/span><\/b><\/span><\/span><\/p>\n<p align=\"center\"><span style=\"font-family: Times New Roman, serif;\"><span style=\"font-size: medium;\"><span style=\"color: #000000;\">Dokumenty dor\u0119czone po w\/w terminie sk\u0142adania nie b\u0119d\u0105 rozpatrywane i podlegaj\u0105 zwrotowi.<\/span><\/span><\/span><\/p>\n<p>&nbsp;<\/p>\n<p>&nbsp;<\/p>\n","protected":false},"excerpt":{"rendered":"<p>OG\u0141OSZENIE O NABORZE NA\u00a0 WOLNE STANOWISKO PRACY \u00a0\u00a0\u00a0\u00a0\u00a0\u00a0 Dyrektor Gminnego Przedszkola w Kosowie Lackim\u00a0og\u0142asza nab\u00f3r na wolne stanowisko pracy Kucharz\u00a0(w pe\u0142nym wymiarze czasu pracy \u2013 1 etat). 1. Wymagania niezb\u0119dne: &#8211;\u00a0\u00a0\u00a0\u00a0 \u00a0 wykszta\u0142cenie\u00a0gastronomiczne &#8211; kucharz, &#8211;\u00a0\u00a0\u00a0\u00a0\u00a0\u00a0 umiej\u0119tno\u015b\u0107 wykonywania czynno\u015bci na powierzonym stanowisku, &#8211;\u00a0\u00a0\u00a0\u00a0\u00a0\u00a0 pe\u0142na zdolno\u015b\u0107 do czynno\u015bci prawnych oraz korzystanie z pe\u0142ni praw publicznych, &#8211;\u00a0\u00a0\u00a0\u00a0\u00a0\u00a0&hellip; <br \/> <a class=\"read-more\" href=\"http:\/\/przedszkole.kosowlacki.pl\/wordpress\/ogloszenie-26\/\">Read more<\/a><\/p>\n","protected":false},"author":2,"featured_media":0,"comment_status":"open","ping_status":"open","sticky":false,"template":"","format":"standard","meta":[],"categories":[11],"tags":[],"_links":{"self":[{"href":"http:\/\/przedszkole.kosowlacki.pl\/wordpress\/wp-json\/wp\/v2\/posts\/18073"}],"collection":[{"href":"http:\/\/przedszkole.kosowlacki.pl\/wordpress\/wp-json\/wp\/v2\/posts"}],"about":[{"href":"http:\/\/przedszkole.kosowlacki.pl\/wordpress\/wp-json\/wp\/v2\/types\/post"}],"author":[{"embeddable":true,"href":"http:\/\/przedszkole.kosowlacki.pl\/wordpress\/wp-json\/wp\/v2\/users\/2"}],"replies":[{"embeddable":true,"href":"http:\/\/przedszkole.kosowlacki.pl\/wordpress\/wp-json\/wp\/v2\/comments?post=18073"}],"version-history":[{"count":1,"href":"http:\/\/przedszkole.kosowlacki.pl\/wordpress\/wp-json\/wp\/v2\/posts\/18073\/revisions"}],"predecessor-version":[{"id":18074,"href":"http:\/\/przedszkole.kosowlacki.pl\/wordpress\/wp-json\/wp\/v2\/posts\/18073\/revisions\/18074"}],"wp:attachment":[{"href":"http:\/\/przedszkole.kosowlacki.pl\/wordpress\/wp-json\/wp\/v2\/media?parent=18073"}],"wp:term":[{"taxonomy":"category","embeddable":true,"href":"http:\/\/przedszkole.kosowlacki.pl\/wordpress\/wp-json\/wp\/v2\/categories?post=18073"},{"taxonomy":"post_tag","embeddable":true,"href":"http:\/\/przedszkole.kosowlacki.pl\/wordpress\/wp-json\/wp\/v2\/tags?post=18073"}],"curies":[{"name":"wp","href":"https:\/\/api.w.org\/{rel}","templated":true}]}}