{"id":18069,"date":"2024-09-06T10:03:31","date_gmt":"2024-09-06T08:03:31","guid":{"rendered":"http:\/\/przedszkole.kosowlacki.pl\/wordpress\/?p=18069"},"modified":"2024-09-06T10:05:40","modified_gmt":"2024-09-06T08:05:40","slug":"ogloszenie-o-oplatach-za-przedszkole","status":"publish","type":"post","link":"http:\/\/przedszkole.kosowlacki.pl\/wordpress\/ogloszenie-o-oplatach-za-przedszkole\/","title":{"rendered":"Og\u0142oszenie o op\u0142atach za przedszkole"},"content":{"rendered":"<h2 style=\"text-align: center;\"><span style=\"color: #ff0000;\">Op\u0142ata za wy\u017cywienie:<\/span><\/h2>\n<h3 style=\"text-align: center;\">Nr konta 81 9221 0000 0051 8882 2000 0040<\/h3>\n<h3 style=\"text-align: center;\"><em><strong>Odbiorca:<\/strong><\/em><\/h3>\n<h3 style=\"text-align: center;\">Gminne Przedszkole w Kosowie Lackim<\/h3>\n<h3 style=\"text-align: center;\">08 \u2013 330 Kos\u00f3w Lacki<\/h3>\n<h3 style=\"text-align: center;\">ul. Polna 1<\/h3>\n<h3 style=\"text-align: center;\">w tytule p\u0142atno\u015bci prosz\u0119 wpisa\u0107:<\/h3>\n<h3 style=\"text-align: center;\">imi\u0119 i nazwisko dziecka<\/h3>\n<h3 style=\"text-align: center;\">nazw\u0119 grupy<\/h3>\n<h3 style=\"text-align: center;\">kwot\u0119<\/h3>\n<h3 style=\"text-align: center;\">za jaki miesi\u0105c i za co wp\u0142acamy<\/h3>\n<hr \/>\n<h2 style=\"text-align: center;\"><span style=\"color: #ff0000;\">Op\u0142ata za pobyt dziecka w Przedszkolu<\/span><\/h2>\n<h3 style=\"text-align: center;\">Nr konta 18 9221 0000 0051 8882 2000 0010<\/h3>\n<h3 style=\"text-align: center;\"><em>Odbiorca:<\/em><\/h3>\n<h3 style=\"text-align: center;\">Gminne Przedszkole w Kosowie Lackim<\/h3>\n<h3 style=\"text-align: center;\">08-330 Kos\u00f3w Lacki<\/h3>\n<h3 style=\"text-align: center;\">ul. Polna 1<\/h3>\n<h3 style=\"text-align: center;\">W tytule p\u0142atno\u015bci prosz\u0119 wpisa\u0107:<\/h3>\n<h3 style=\"text-align: center;\">imi\u0119 i nazwisko dziecka<\/h3>\n<h3 style=\"text-align: center;\">nazw\u0119 grupy<\/h3>\n<h3 style=\"text-align: center;\">kwot\u0119<\/h3>\n<h3 style=\"text-align: center;\">za jaki miesi\u0105c i za co wp\u0142acamy<\/h3>\n","protected":false},"excerpt":{"rendered":"<p>Op\u0142ata za wy\u017cywienie: Nr konta 81 9221 0000 0051 8882 2000 0040 Odbiorca: Gminne Przedszkole w Kosowie Lackim 08 \u2013 330 Kos\u00f3w Lacki ul. Polna 1 w tytule p\u0142atno\u015bci prosz\u0119 wpisa\u0107: imi\u0119 i nazwisko dziecka nazw\u0119 grupy kwot\u0119 za jaki miesi\u0105c i za co wp\u0142acamy Op\u0142ata za pobyt dziecka w Przedszkolu Nr konta 18 9221&hellip; <br \/> <a class=\"read-more\" href=\"http:\/\/przedszkole.kosowlacki.pl\/wordpress\/ogloszenie-o-oplatach-za-przedszkole\/\">Read more<\/a><\/p>\n","protected":false},"author":2,"featured_media":0,"comment_status":"open","ping_status":"open","sticky":false,"template":"","format":"standard","meta":[],"categories":[11],"tags":[],"_links":{"self":[{"href":"http:\/\/przedszkole.kosowlacki.pl\/wordpress\/wp-json\/wp\/v2\/posts\/18069"}],"collection":[{"href":"http:\/\/przedszkole.kosowlacki.pl\/wordpress\/wp-json\/wp\/v2\/posts"}],"about":[{"href":"http:\/\/przedszkole.kosowlacki.pl\/wordpress\/wp-json\/wp\/v2\/types\/post"}],"author":[{"embeddable":true,"href":"http:\/\/przedszkole.kosowlacki.pl\/wordpress\/wp-json\/wp\/v2\/users\/2"}],"replies":[{"embeddable":true,"href":"http:\/\/przedszkole.kosowlacki.pl\/wordpress\/wp-json\/wp\/v2\/comments?post=18069"}],"version-history":[{"count":3,"href":"http:\/\/przedszkole.kosowlacki.pl\/wordpress\/wp-json\/wp\/v2\/posts\/18069\/revisions"}],"predecessor-version":[{"id":18072,"href":"http:\/\/przedszkole.kosowlacki.pl\/wordpress\/wp-json\/wp\/v2\/posts\/18069\/revisions\/18072"}],"wp:attachment":[{"href":"http:\/\/przedszkole.kosowlacki.pl\/wordpress\/wp-json\/wp\/v2\/media?parent=18069"}],"wp:term":[{"taxonomy":"category","embeddable":true,"href":"http:\/\/przedszkole.kosowlacki.pl\/wordpress\/wp-json\/wp\/v2\/categories?post=18069"},{"taxonomy":"post_tag","embeddable":true,"href":"http:\/\/przedszkole.kosowlacki.pl\/wordpress\/wp-json\/wp\/v2\/tags?post=18069"}],"curies":[{"name":"wp","href":"https:\/\/api.w.org\/{rel}","templated":true}]}}