{"id":18062,"date":"2024-08-19T06:54:39","date_gmt":"2024-08-19T04:54:39","guid":{"rendered":"http:\/\/przedszkole.kosowlacki.pl\/wordpress\/?p=18062"},"modified":"2024-08-19T06:55:08","modified_gmt":"2024-08-19T04:55:08","slug":"zebranie-2","status":"publish","type":"post","link":"http:\/\/przedszkole.kosowlacki.pl\/wordpress\/zebranie-2\/","title":{"rendered":"ZEBRANIE"},"content":{"rendered":"<p style=\"text-align: center;\">26 sierpnia o godzinie 16.00<\/p>\n<p style=\"text-align: center;\">odb\u0119dzie si\u0119 zebranie rodzic\u00f3w dzieci<\/p>\n<p style=\"text-align: center;\">nowoprzyj\u0119tych\u00a0 do Klubu Dzieci\u0119cego w Kosowie Lackim.<\/p>\n<p style=\"text-align: center;\">Zebranie odb\u0119dzie si\u0119 na sali gimnastycznej.<\/p>\n<p style=\"text-align: center;\">\n","protected":false},"excerpt":{"rendered":"<p>26 sierpnia o godzinie 16.00 odb\u0119dzie si\u0119 zebranie rodzic\u00f3w dzieci nowoprzyj\u0119tych\u00a0 do Klubu Dzieci\u0119cego w Kosowie Lackim. Zebranie odb\u0119dzie si\u0119 na sali gimnastycznej.<\/p>\n","protected":false},"author":6,"featured_media":0,"comment_status":"open","ping_status":"open","sticky":false,"template":"","format":"standard","meta":[],"categories":[14],"tags":[],"_links":{"self":[{"href":"http:\/\/przedszkole.kosowlacki.pl\/wordpress\/wp-json\/wp\/v2\/posts\/18062"}],"collection":[{"href":"http:\/\/przedszkole.kosowlacki.pl\/wordpress\/wp-json\/wp\/v2\/posts"}],"about":[{"href":"http:\/\/przedszkole.kosowlacki.pl\/wordpress\/wp-json\/wp\/v2\/types\/post"}],"author":[{"embeddable":true,"href":"http:\/\/przedszkole.kosowlacki.pl\/wordpress\/wp-json\/wp\/v2\/users\/6"}],"replies":[{"embeddable":true,"href":"http:\/\/przedszkole.kosowlacki.pl\/wordpress\/wp-json\/wp\/v2\/comments?post=18062"}],"version-history":[{"count":1,"href":"http:\/\/przedszkole.kosowlacki.pl\/wordpress\/wp-json\/wp\/v2\/posts\/18062\/revisions"}],"predecessor-version":[{"id":18063,"href":"http:\/\/przedszkole.kosowlacki.pl\/wordpress\/wp-json\/wp\/v2\/posts\/18062\/revisions\/18063"}],"wp:attachment":[{"href":"http:\/\/przedszkole.kosowlacki.pl\/wordpress\/wp-json\/wp\/v2\/media?parent=18062"}],"wp:term":[{"taxonomy":"category","embeddable":true,"href":"http:\/\/przedszkole.kosowlacki.pl\/wordpress\/wp-json\/wp\/v2\/categories?post=18062"},{"taxonomy":"post_tag","embeddable":true,"href":"http:\/\/przedszkole.kosowlacki.pl\/wordpress\/wp-json\/wp\/v2\/tags?post=18062"}],"curies":[{"name":"wp","href":"https:\/\/api.w.org\/{rel}","templated":true}]}}