{"id":18048,"date":"2024-08-15T22:03:48","date_gmt":"2024-08-15T20:03:48","guid":{"rendered":"http:\/\/przedszkole.kosowlacki.pl\/wordpress\/?p=18048"},"modified":"2024-08-15T22:22:26","modified_gmt":"2024-08-15T20:22:26","slug":"zebranie-z-rodzicami-7","status":"publish","type":"post","link":"http:\/\/przedszkole.kosowlacki.pl\/wordpress\/zebranie-z-rodzicami-7\/","title":{"rendered":"Zebranie z rodzicami"},"content":{"rendered":"<h3 style=\"text-align: left;\">Serdecznie zapraszamy rodzic\u00f3w na zebranie organizacyjne,kt\u00f3re odb\u0119dzie si\u0119 <span style=\"color: #ff6600;\"><strong>28 sierpnia<\/strong><\/span> (\u015broda) o godzinie <strong><span style=\"color: #ff6600;\">16:00<\/span> <\/strong>w sali gimnastycznej.<\/h3>\n<h3 style=\"text-align: left;\">Wej\u015bcie od strony boiska.<\/h3>\n<h3 style=\"text-align: left;\"><\/h3>\n","protected":false},"excerpt":{"rendered":"<p>Serdecznie zapraszamy rodzic\u00f3w na zebranie organizacyjne,kt\u00f3re odb\u0119dzie si\u0119 28 sierpnia (\u015broda) o godzinie 16:00 w sali gimnastycznej. Wej\u015bcie od strony boiska.<\/p>\n","protected":false},"author":2,"featured_media":0,"comment_status":"open","ping_status":"open","sticky":false,"template":"","format":"standard","meta":[],"categories":[11],"tags":[],"_links":{"self":[{"href":"http:\/\/przedszkole.kosowlacki.pl\/wordpress\/wp-json\/wp\/v2\/posts\/18048"}],"collection":[{"href":"http:\/\/przedszkole.kosowlacki.pl\/wordpress\/wp-json\/wp\/v2\/posts"}],"about":[{"href":"http:\/\/przedszkole.kosowlacki.pl\/wordpress\/wp-json\/wp\/v2\/types\/post"}],"author":[{"embeddable":true,"href":"http:\/\/przedszkole.kosowlacki.pl\/wordpress\/wp-json\/wp\/v2\/users\/2"}],"replies":[{"embeddable":true,"href":"http:\/\/przedszkole.kosowlacki.pl\/wordpress\/wp-json\/wp\/v2\/comments?post=18048"}],"version-history":[{"count":2,"href":"http:\/\/przedszkole.kosowlacki.pl\/wordpress\/wp-json\/wp\/v2\/posts\/18048\/revisions"}],"predecessor-version":[{"id":18055,"href":"http:\/\/przedszkole.kosowlacki.pl\/wordpress\/wp-json\/wp\/v2\/posts\/18048\/revisions\/18055"}],"wp:attachment":[{"href":"http:\/\/przedszkole.kosowlacki.pl\/wordpress\/wp-json\/wp\/v2\/media?parent=18048"}],"wp:term":[{"taxonomy":"category","embeddable":true,"href":"http:\/\/przedszkole.kosowlacki.pl\/wordpress\/wp-json\/wp\/v2\/categories?post=18048"},{"taxonomy":"post_tag","embeddable":true,"href":"http:\/\/przedszkole.kosowlacki.pl\/wordpress\/wp-json\/wp\/v2\/tags?post=18048"}],"curies":[{"name":"wp","href":"https:\/\/api.w.org\/{rel}","templated":true}]}}