{"id":17956,"date":"2024-06-21T10:09:24","date_gmt":"2024-06-21T08:09:24","guid":{"rendered":"http:\/\/przedszkole.kosowlacki.pl\/wordpress\/?p=17956"},"modified":"2024-06-21T10:09:24","modified_gmt":"2024-06-21T08:09:24","slug":"magiczne-chwile-na-farmie-iluzji","status":"publish","type":"post","link":"http:\/\/przedszkole.kosowlacki.pl\/wordpress\/magiczne-chwile-na-farmie-iluzji\/","title":{"rendered":"MAGICZNE CHWILE NA FARMIE ILUZJI"},"content":{"rendered":"<p style=\"text-align: center;\">Dnia 14 czerwca 2024 r. dzieci 6- letnie pojecha\u0142y na wycieczk\u0119 do Parku Edukacji i Rozrywki ,,Farma Iluzji\u201d w Mo\u015bciskach. Farma Iluzji to park sensoryczny, w kt\u00f3rym do dyspozycji dzieci jest kilkadziesi\u0105t r\u00f3\u017cnego rodzaju atrakcji. To wyj\u0105tkowe miejsce do edukacji poprzez zabaw\u0119 i wypoczynek na \u015bwie\u017cym powietrzu.<\/p>\n<p style=\"text-align: center;\">Uczestnicy wycieczki odwiedzili kilka ciekawych miejsc: w ,, Zakr\u0119conym Domu\u201d dzieci zastanawia\u0142y si\u0119 czy to my si\u0119 kr\u0119cimy, czy to dom wok\u00f3\u0142 nas. Niesamowitych wra\u017ce\u0144 dostarczy\u0142 Tunel Zapomnienia, Lot Gekusiem, Kolejka do Rio Grande, Przygoda na Prerii, Labirynt Luster, Wodne Dmucha\u0144ce czy Meble Olbrzyma. Ciekawym do\u015bwiadczeniem by\u0142a zabawa w poszukiwaniu zaj\u0105czka w Zak\u0105tku Farmusia. Zwie\u0144czeniem wycieczki by\u0142a wizyta w Lataj\u0105cej Chacie Tajemnic, gdzie dzieci mia\u0142y trudno\u015b\u0107 z utrzymaniem r\u00f3wnowagi i poczu\u0142y jakby by\u0142y w kosmosie.<\/p>\n<p style=\"text-align: center;\">\u00a0\u00a0\u00a0\u00a0\u00a0\u00a0\u00a0\u00a0\u00a0\u00a0\u00a0 Wycieczka by\u0142a idealn\u0105 okazj\u0105 do oderwania si\u0119 od szarej rzeczywisto\u015bci, przeniesieniem si\u0119 w \u015bwiat magii. Wyjazd do Farmy Iluzji dzieci b\u0119d\u0105 d\u0142ugo wspomina\u0107, gdy\u017c dostarczy\u0142 im wielu niezapomnianych i wspania\u0142ych wspomnie\u0144.<\/p>\n<p>&nbsp;<\/p>\n<p style=\"text-align: right;\">B.Leszczy\u0144ska<\/p>\n","protected":false},"excerpt":{"rendered":"<p>Dnia 14 czerwca 2024 r. dzieci 6- letnie pojecha\u0142y na wycieczk\u0119 do Parku Edukacji i Rozrywki ,,Farma Iluzji\u201d w Mo\u015bciskach. Farma Iluzji to park sensoryczny, w kt\u00f3rym do dyspozycji dzieci jest kilkadziesi\u0105t r\u00f3\u017cnego rodzaju atrakcji. To wyj\u0105tkowe miejsce do edukacji poprzez zabaw\u0119 i wypoczynek na \u015bwie\u017cym powietrzu. Uczestnicy wycieczki odwiedzili kilka ciekawych miejsc: w ,,&hellip; <br \/> <a class=\"read-more\" href=\"http:\/\/przedszkole.kosowlacki.pl\/wordpress\/magiczne-chwile-na-farmie-iluzji\/\">Read more<\/a><\/p>\n","protected":false},"author":9,"featured_media":0,"comment_status":"open","ping_status":"open","sticky":false,"template":"","format":"standard","meta":[],"categories":[10],"tags":[],"_links":{"self":[{"href":"http:\/\/przedszkole.kosowlacki.pl\/wordpress\/wp-json\/wp\/v2\/posts\/17956"}],"collection":[{"href":"http:\/\/przedszkole.kosowlacki.pl\/wordpress\/wp-json\/wp\/v2\/posts"}],"about":[{"href":"http:\/\/przedszkole.kosowlacki.pl\/wordpress\/wp-json\/wp\/v2\/types\/post"}],"author":[{"embeddable":true,"href":"http:\/\/przedszkole.kosowlacki.pl\/wordpress\/wp-json\/wp\/v2\/users\/9"}],"replies":[{"embeddable":true,"href":"http:\/\/przedszkole.kosowlacki.pl\/wordpress\/wp-json\/wp\/v2\/comments?post=17956"}],"version-history":[{"count":2,"href":"http:\/\/przedszkole.kosowlacki.pl\/wordpress\/wp-json\/wp\/v2\/posts\/17956\/revisions"}],"predecessor-version":[{"id":17958,"href":"http:\/\/przedszkole.kosowlacki.pl\/wordpress\/wp-json\/wp\/v2\/posts\/17956\/revisions\/17958"}],"wp:attachment":[{"href":"http:\/\/przedszkole.kosowlacki.pl\/wordpress\/wp-json\/wp\/v2\/media?parent=17956"}],"wp:term":[{"taxonomy":"category","embeddable":true,"href":"http:\/\/przedszkole.kosowlacki.pl\/wordpress\/wp-json\/wp\/v2\/categories?post=17956"},{"taxonomy":"post_tag","embeddable":true,"href":"http:\/\/przedszkole.kosowlacki.pl\/wordpress\/wp-json\/wp\/v2\/tags?post=17956"}],"curies":[{"name":"wp","href":"https:\/\/api.w.org\/{rel}","templated":true}]}}