{"id":17795,"date":"2024-06-05T10:16:48","date_gmt":"2024-06-05T08:16:48","guid":{"rendered":"http:\/\/przedszkole.kosowlacki.pl\/wordpress\/?p=17795"},"modified":"2024-06-05T16:33:49","modified_gmt":"2024-06-05T14:33:49","slug":"pokazy-taneczne","status":"publish","type":"post","link":"http:\/\/przedszkole.kosowlacki.pl\/wordpress\/pokazy-taneczne\/","title":{"rendered":"Pokazy taneczne"},"content":{"rendered":"<p>&nbsp;<\/p>\n<p style=\"text-align: center;\">4 czerwca w naszym przedszkolu odby\u0142y si\u0119\u00a0 pokazy grup tanecznych \u201eTEMPO\u201d przygotowanych przez Pani\u0105 Iwon\u0119 Wyszomiersk\u0105. Swoje choreografie zaprezentowa\u0142o kilka grup ze szko\u0142y podstawowej w Kosowie Lackim. Zwie\u0144czeniem wyst\u0119p\u00f3w by\u0142 wspania\u0142y taniec naszych najstarszych przedszkolak\u00f3w z grup 6-latk\u00f3w. By\u0142o to podsumowanie ich ca\u0142orocznych spotka\u0144 tanecznych z pani\u0105 Iwon\u0105. Publiczno\u015b\u0107 by\u0142a zachwycona. Wszyscy zostali nagrodzeni gromkimi brawami.<\/p>\n<p style=\"text-align: center;\">Serdeczne podzi\u0119kowania dla dzieci za pi\u0119kny wyst\u0119p oraz dla \u00a0Pani Iwony Wyszomierskiej za przygotowanie wspania\u0142ych choreografii.<\/p>\n<p>&nbsp;<\/p>\n<p style=\"text-align: right;\">P. Osipiak<\/p>\n","protected":false},"excerpt":{"rendered":"<p>&nbsp; 4 czerwca w naszym przedszkolu odby\u0142y si\u0119\u00a0 pokazy grup tanecznych \u201eTEMPO\u201d przygotowanych przez Pani\u0105 Iwon\u0119 Wyszomiersk\u0105. Swoje choreografie zaprezentowa\u0142o kilka grup ze szko\u0142y podstawowej w Kosowie Lackim. Zwie\u0144czeniem wyst\u0119p\u00f3w by\u0142 wspania\u0142y taniec naszych najstarszych przedszkolak\u00f3w z grup 6-latk\u00f3w. By\u0142o to podsumowanie ich ca\u0142orocznych spotka\u0144 tanecznych z pani\u0105 Iwon\u0105. Publiczno\u015b\u0107 by\u0142a zachwycona. Wszyscy zostali nagrodzeni&hellip; <br \/> <a class=\"read-more\" href=\"http:\/\/przedszkole.kosowlacki.pl\/wordpress\/pokazy-taneczne\/\">Read more<\/a><\/p>\n","protected":false},"author":9,"featured_media":0,"comment_status":"open","ping_status":"open","sticky":false,"template":"","format":"standard","meta":[],"categories":[10],"tags":[],"_links":{"self":[{"href":"http:\/\/przedszkole.kosowlacki.pl\/wordpress\/wp-json\/wp\/v2\/posts\/17795"}],"collection":[{"href":"http:\/\/przedszkole.kosowlacki.pl\/wordpress\/wp-json\/wp\/v2\/posts"}],"about":[{"href":"http:\/\/przedszkole.kosowlacki.pl\/wordpress\/wp-json\/wp\/v2\/types\/post"}],"author":[{"embeddable":true,"href":"http:\/\/przedszkole.kosowlacki.pl\/wordpress\/wp-json\/wp\/v2\/users\/9"}],"replies":[{"embeddable":true,"href":"http:\/\/przedszkole.kosowlacki.pl\/wordpress\/wp-json\/wp\/v2\/comments?post=17795"}],"version-history":[{"count":4,"href":"http:\/\/przedszkole.kosowlacki.pl\/wordpress\/wp-json\/wp\/v2\/posts\/17795\/revisions"}],"predecessor-version":[{"id":17797,"href":"http:\/\/przedszkole.kosowlacki.pl\/wordpress\/wp-json\/wp\/v2\/posts\/17795\/revisions\/17797"}],"wp:attachment":[{"href":"http:\/\/przedszkole.kosowlacki.pl\/wordpress\/wp-json\/wp\/v2\/media?parent=17795"}],"wp:term":[{"taxonomy":"category","embeddable":true,"href":"http:\/\/przedszkole.kosowlacki.pl\/wordpress\/wp-json\/wp\/v2\/categories?post=17795"},{"taxonomy":"post_tag","embeddable":true,"href":"http:\/\/przedszkole.kosowlacki.pl\/wordpress\/wp-json\/wp\/v2\/tags?post=17795"}],"curies":[{"name":"wp","href":"https:\/\/api.w.org\/{rel}","templated":true}]}}