{"id":17787,"date":"2024-06-04T11:42:00","date_gmt":"2024-06-04T09:42:00","guid":{"rendered":"http:\/\/przedszkole.kosowlacki.pl\/wordpress\/?p=17787"},"modified":"2024-06-04T11:44:39","modified_gmt":"2024-06-04T09:44:39","slug":"zamierzenia-na-czerwiec-4","status":"publish","type":"post","link":"http:\/\/przedszkole.kosowlacki.pl\/wordpress\/zamierzenia-na-czerwiec-4\/","title":{"rendered":"Zamierzenia na czerwiec"},"content":{"rendered":"<h2 style=\"text-align: center;\"><span style=\"color: #ff00ff;\">3 LATKI<\/span><\/h2>\n<h3><span style=\"color: #ffff00;\">1. Czego dzieci potrzebuj\u0105 do szcz\u0119\u015bcia?<\/span><\/h3>\n<h3>&#8211; rozwijanie mowy<\/h3>\n<h3>&#8211; zapoznanie z terminem ,,r\u00f3wie\u015bnicy\u201d<\/h3>\n<h3>&#8211; rozwijanie umiej\u0119tno\u015bci przeliczania<\/h3>\n<h3>&#8211; tworzenie zbior\u00f3w<\/h3>\n<h3>&#8211; kszta\u0142cenie percepcji s\u0142uchowo \u2013 ruchowej<\/h3>\n<h3>&#8211; rozwijanie aktywno\u015bci muzyczno \u2013 ruchowej<\/h3>\n<h3>&#8211; rozwijanie sprawno\u015bci fizycznej<\/h3>\n<h3>&#8211; kszta\u0142towanie odruchu prawid\u0142owej postawy<\/h3>\n<h3>&#8211; rozwijanie sprawno\u015bci manualnej<\/h3>\n<h3>&#8211; dbanie o porz\u0105dek na stanowisku pracy<\/h3>\n<h3><span style=\"color: #ffff00;\">2. Lato, lato, lato czeka<\/span><\/h3>\n<h3>&#8211; rozwijanie wiedzy og\u00f3lnej<\/h3>\n<h3>&#8211; rozwijanie mowy<\/h3>\n<h3>&#8211; rozwijanie umiej\u0119tno\u015bci segregowania<\/h3>\n<h3>&#8211; rozwijanie umiej\u0119tno\u015bci por\u00f3wnywania zbior\u00f3w<\/h3>\n<h3>&#8211; reagowanie ruchem na ustalone sygna\u0142y<\/h3>\n<h3>&#8211; rozwijanie aktywno\u015bci muzyczno \u2013 ruchowej<\/h3>\n<h3>&#8211; rozwijanie sprawno\u015bci fizycznej<\/h3>\n<h3>&#8211; kszta\u0142towanie odruchu prawid\u0142owej postawy<\/h3>\n<h3>&#8211; rozwijanie sprawno\u015bci manualnej<\/h3>\n<h3>&#8211; rozwijanie umiej\u0119tno\u015bci organizowania miejsca pracy<\/h3>\n<h3><span style=\"color: #ffff00;\">3. Wkr\u00f3tce wakacje<\/span><\/h3>\n<h3>&#8211; wzmocnienie wi\u0119zi mi\u0119dzy r\u00f3wie\u015bnikami<\/h3>\n<h3>&#8211; rozwijanie mowy<\/h3>\n<h3>&#8211; rozwijanie umiej\u0119tno\u015bci liczenia<\/h3>\n<h3>&#8211; zapoznanie z wybranymi \u015brodkami transportu<\/h3>\n<h3>&#8211; rozwijanie koncentracji uwagi podczas dzia\u0142ania<\/h3>\n<h3>&#8211; rozwijanie aktywno\u015bci muzyczno \u2013 ruchowej<\/h3>\n<h3>&#8211; rozwijanie sprawno\u015bci fizycznej<\/h3>\n<h3>&#8211; kszta\u0142towanie odruchu prawid\u0142owej postawy<\/h3>\n<h3>&#8211; rozwijanie umiej\u0119tno\u015bci plastycznych<\/h3>\n<h3>-integracja grupy<\/h3>\n<h3><span style=\"color: #ffff00;\">4. Zwiedzamy \u015bwiat<\/span><\/h3>\n<h3>&#8211; rozbudzanie zainteresowania podr\u00f3\u017cowaniem<\/h3>\n<h3>&#8211; rozwijanie mowy<\/h3>\n<h3>&#8211; rozwijanie spostrzegawczo\u015bci wzrokowej<\/h3>\n<h3>&#8211; rozwijanie umiej\u0119tno\u015bci klasyfikowania przedmiot\u00f3w wed\u0142ug jednej cechy<\/h3>\n<h3>&#8211; rozwijanie percepcji s\u0142uchowo \u2013 ruchowej<\/h3>\n<h3><span style=\"font-family: Times New Roman, serif;\">&#8211;<\/span> rozwijanie aktywno\u015bci muzyczno \u2013 ruchowej<\/h3>\n<h3>&#8211; rozwijanie sprawno\u015bci fizycznej<\/h3>\n<h3>&#8211; kszta\u0142towanie odruchu prawid\u0142owej postawy<\/h3>\n<h3>&#8211; rozwijanie sprawno\u015bci manualnej<\/h3>\n<h3>&#8211; rozwijanie umiej\u0119tno\u015bci organizowania miejsca pracy.<\/h3>\n<h3 align=\"center\"><span style=\"color: #ff00ff;\">Piosenka do utrwalenia<\/span><\/h3>\n<h3 align=\"center\"><span style=\"color: #ffff00;\">,,Chcemy zwiedzi\u0107 ca\u0142y \u015bwiat\u201d<\/span><\/h3>\n<h3 align=\"center\">1. Wyje\u017cd\u017camy na wycieczk\u0119,<\/h3>\n<h3 align=\"center\">poci\u0105g szybko mknie \u2013<\/h3>\n<h3 align=\"center\">mija pola, lasy, \u0142\u0105ki,<\/h3>\n<h3 align=\"center\">mija miasta, wsie.<\/h3>\n<h3 align=\"center\">Zobaczymy ca\u0142\u0105 Polsk\u0119 \u2013<\/h3>\n<h3 align=\"center\">Krak\u00f3w i Warszaw\u0119,<\/h3>\n<h3 align=\"center\">g\u00f3rskie szczyty i jeziora,<\/h3>\n<h3 align=\"center\">morze, z\u0142ot\u0105 pla\u017c\u0119.<\/h3>\n<h3 align=\"center\">2. Samolotem polecimy<\/h3>\n<h3 align=\"center\">zwiedzi\u0107 wielki \u015bwiat,<\/h3>\n<h3 align=\"center\">bo my wszystkie kontynenty<\/h3>\n<h3 align=\"center\">chcemy dobrze zna\u0107.<\/h3>\n<h3 align=\"center\">Zobaczymy Europ\u0119,<\/h3>\n<h3 align=\"center\">Azj\u0119 i Afryk\u0119<\/h3>\n<h3 align=\"center\">i zwiedzimy Australi\u0119<\/h3>\n<h3 align=\"center\">oraz Ameryk\u0119.<\/h3>\n<p>&nbsp;<\/p>\n<h2 align=\"center\"><span style=\"color: #00ff00;\">4 LATKI<\/span><\/h2>\n<h3 align=\"left\"><span style=\"color: #ffcc00;\">I. Czego dzieci potrzebuj\u0105 do szcz\u0119\u015bcia?:<\/span><\/h3>\n<h3 align=\"left\">&#8211; rozwijanie mowy, rozwijanie motoryki ma\u0142ej<\/h3>\n<h3 align=\"left\">&#8211; rozwijanie orientacji przestrzennej, rozwijanie sprawno\u015bci fizycznej<\/h3>\n<h3 align=\"left\">&#8211; ilustrowanie piosenki ruchem, zapoznanie z dzie\u0107mi z r\u00f3\u017cnych stron \u015bwiata<\/h3>\n<h3 align=\"left\">&#8211; wykonanie eksperymentu z ba\u0144kami mydlanymi<\/h3>\n<h3 align=\"left\">&#8211; dbanie o czysto\u015b\u0107 na stanowisku pracy, integracja z r\u00f3wie\u015bnikami<\/h3>\n<h3><span style=\"color: #ffcc00;\">II. Zwiedzamy \u015bwiat:<\/span><\/h3>\n<h3>&#8211; rozwijanie mowy, zapoznanie z nazwami pa\u0144stwa s\u0105siaduj\u0105cymi z Polsk\u0105<\/h3>\n<h3>&#8211; rozwijanie wiedzy og\u00f3lnej, rozwijanie sprawno\u015bci fizycznej<\/h3>\n<h3>&#8211; rozwijanie aktywno\u015bci muzyczno- ruchowej, rozwijanie wyobra\u017ani i inwencji tw\u00f3rczej<\/h3>\n<h3>&#8211; rozwijanie zdolno\u015bci koncentracji uwagi podczas dzia\u0142ania, rozwijanie umiej\u0119tno\u015bci wsp\u00f3\u0142pracy<\/h3>\n<h3>&#8211; harmonijny rozw\u00f3j organizmu, rozwijanie mowy<\/h3>\n<h3>&#8211; integrowanie si\u0119 dzieci, rozwijanie zainteresowa\u0144 badawczych<\/h3>\n<h3><span style=\"color: #ffcc00;\">III. Lato, lato, lato czeka:<\/span><\/h3>\n<h3>&#8211; rozwijanie kreatywno\u015bci, budzenie ch\u0119ci uczestnictwa w zabawie<\/h3>\n<h3>&#8211; rozwijanie umiej\u0119tno\u015bci dodawania i odejmowania, rozwijanie sprawno\u015bci fizycznej<\/h3>\n<h3>&#8211; rozwijanie poczucia rytmu, rozwijanie mowy<\/h3>\n<h3>&#8211; rozwijanie sprawno\u015bci fizycznej, rozwijanie logicznego my\u015blenia<\/h3>\n<h3>&#8211; rozwijanie sprawno\u015bci manualnej, poszerzenie wiedzy o dzikim zachodzie<\/h3>\n<h3><span style=\"color: #ffcc00;\">IV. Wkr\u00f3tce wakacje:<\/span><\/h3>\n<h3>&#8211; rozwijanie mowy, budowanie pozytywnych relacji grupowych<\/h3>\n<h3>&#8211; utrwalenie my\u015blenia logicznego, harmonijny rozw\u00f3j organizmu<\/h3>\n<h3>&#8211; reagowanie na ustalone has\u0142a i sygna\u0142y muzyczne, kszta\u0142towanie poczucia rytmu<\/h3>\n<h3>&#8211; kszta\u0142towanie odruchu prawid\u0142owej postawy, stymulowanie do poznawania \u015bwiata<\/h3>\n<h3>&#8211; rozwijanie umiej\u0119tno\u015bci plastycznych, integracja grupy<\/h3>\n<h3 align=\"center\"><span style=\"color: #00ff00;\">Piosenka do utrwalenia<\/span><\/h3>\n<h3 align=\"center\"><span style=\"color: #ffcc00;\">\u201e Ju\u017c wkr\u00f3tce wakacje\u201e<\/span><\/h3>\n<h4 align=\"center\">( s\u0142. i muz. Danuta i Karol Jagie\u0142\u0142o)<\/h4>\n<h3 style=\"text-align: center;\" align=\"left\">1. Ju\u017c wkr\u00f3tce wakacje<\/h3>\n<h3 style=\"text-align: center;\" align=\"left\">i pi\u0119kna pogoda,<\/h3>\n<h3 style=\"text-align: center;\" align=\"left\">wyjed\u017amy wi\u0119c czym pr\u0119dzej,<\/h3>\n<h3 style=\"text-align: center;\" align=\"left\">bo ka\u017cdej chwili szkoda.<\/h3>\n<h3 style=\"text-align: center;\" align=\"left\">Ref: Gdzie grzywy morskich fal,<\/h3>\n<h3 style=\"text-align: center;\" align=\"left\">gdzie s\u0142o\u0144ca z\u0142oty blask,<\/h3>\n<h3 style=\"text-align: center;\" align=\"left\">gdzie ptak\u00f3w le\u015bny ch\u00f3r<\/h3>\n<h3 style=\"text-align: center;\" align=\"left\">swym \u015bpiewem wita nas.<\/h3>\n<h3 style=\"text-align: center;\" align=\"left\">2. \u017begnamy si\u0119 z pani\u0105,<\/h3>\n<h3 style=\"text-align: center;\" align=\"left\">z Maciusiem i z Ani\u0105,<\/h3>\n<h3 style=\"text-align: center;\" align=\"left\">gotowi, spakowani,<\/h3>\n<h3 style=\"text-align: center;\" align=\"left\">dzi\u015b w drog\u0119 wyruszamy.<\/h3>\n<h3 style=\"text-align: center;\" align=\"left\">Ref: Gdzie grzywy morskich fal\u2026.<\/h3>\n<h3 style=\"text-align: center;\" align=\"left\">3. Lecimy, jedziemy,<\/h3>\n<h3 style=\"text-align: center;\" align=\"left\">idziemy, p\u0142yniemy,<\/h3>\n<h3 style=\"text-align: center;\" align=\"left\">powietrzem, l\u0105dem, wod\u0105,<\/h3>\n<h3 style=\"text-align: center;\" align=\"left\">by spotka\u0107 si\u0119 z przygod\u0105.<\/h3>\n<h3 style=\"text-align: center;\" align=\"left\">Ref: Gdzie grzywy morskich fal\u2026..<\/h3>\n<p>&nbsp;<\/p>\n<h2 style=\"text-align: center;\"><span style=\"color: #ff0000;\">5 LATKI<\/span><\/h2>\n<h3><span style=\"color: #00ccff;\">I Czego dzieci potrzebuj\u0105 do szcz\u0119\u015bcia?<\/span><\/h3>\n<h3>&#8211; rozwijanie mowy,<\/h3>\n<h3>&#8211; rozwijanie umiej\u0119tno\u015bci wczuwania si\u0119 w sytuacj\u0119 innych,<\/h3>\n<h3>&#8211; wdra\u017canie do \u015bwiata warto\u015bci,<\/h3>\n<h3>&#8211; definiowanie poj\u0119cia \u201eprzyja\u017ani\u201d,<\/h3>\n<h3>&#8211; rozwijanie orientacji przestrzennej,<\/h3>\n<h3>&#8211; rozwijanie odruchu przyjmowania prawid\u0142owej postawy,<\/h3>\n<h3>&#8211; rozwijanie sprawno\u015bci fizycznej,<\/h3>\n<h3>&#8211; ilustrowanie piosenki ruchem<\/h3>\n<h3>&#8211; wyrabianie umiej\u0119tno\u015bci wsp\u00f3\u0142dzia\u0142ania z r\u00f3wie\u015bnikami podczas wsp\u00f3lnej zabawy z piosenk\u0105,<\/h3>\n<h3>&#8211; zapoznanie z wygl\u0105dem dzieci z r\u00f3\u017cnych zak\u0105tk\u00f3w \u015bwiata,<\/h3>\n<h3>&#8211; kszta\u0142towanie odruchu przyjmowania prawid\u0142owej postawy,<\/h3>\n<h3>&#8211; \u0107wiczenie aparatu mowy,<\/h3>\n<h3>&#8211; wykonanie eksperymentu z ba\u0144kami mydlanymi,<\/h3>\n<h3>&#8211; rozwijanie sprawno\u015bci manualnej,<\/h3>\n<h3>&#8211; dbanie o porz\u0105dek na stanowisku pracy,<\/h3>\n<h3>&#8211; wsp\u00f3\u0142dzia\u0142anie w grupie,<\/h3>\n<h3>&#8211; integracja z r\u00f3wie\u015bnikami,<\/h3>\n<h3><span style=\"color: #00ccff;\">II Lato, lato, lato czeka<\/span><\/h3>\n<h3>&#8211; rozwijanie mowy,<\/h3>\n<h3>&#8211; rozwijanie inwencji tw\u00f3rczej,<\/h3>\n<h3>&#8211; rozwijanie wsp\u00f3\u0142pracy w grupie,<\/h3>\n<h3>&#8211; poznanie ze zwi\u0105zkiem frazeologiczny m jeden za wszystkich wszyscy za jednego,<\/h3>\n<h3>&#8211; rozwijanie umiej\u0119tno\u015bci stosowania liczebnik\u00f3w porz\u0105dkowych,<\/h3>\n<h3>&#8211; rozwijanie umiej\u0119tno\u015bci dodawania i odejmowania,<\/h3>\n<h3>&#8211; kszta\u0142towanie odruchu przyjmowania prawid\u0142owej postawy,<\/h3>\n<h3>&#8211; rozwijanie sprawno\u015bci fizycznej,<br \/>\n&#8211; wyrabiania poczucia rytmu,<\/h3>\n<h3>&#8211; kszta\u0142towanie percepcji s\u0142uchowo-ruchowej,<\/h3>\n<h3>&#8211; rozwijanie mowy,<\/h3>\n<h3>&#8211; rozwijanie umiej\u0119tno\u015bci pracy w grupie,<\/h3>\n<h3>&#8211; rozwijanie wiedzy og\u00f3lnej,<\/h3>\n<h3>&#8211; rozwijanie kreatywno\u015bci,<\/h3>\n<h3>&#8211; rozwijanie sprawno\u015bci manualnej,<\/h3>\n<h3>&#8211; rozwijanie inwencji tw\u00f3rczej,<\/h3>\n<h3>&#8211; integrowanie si\u0119 dzieci,<\/h3>\n<h3>&#8211; rozwijanie umiej\u0119tno\u015bci wsp\u00f3\u0142pracy,<\/h3>\n<h3><span style=\"color: #00ccff;\">III Wkr\u00f3tce wakacje <\/span><\/h3>\n<h3>&#8211; rozwijanie mowy,<\/h3>\n<h3>&#8211; zapoznanie z miejscami letniego wypoczynku,<\/h3>\n<h3>&#8211; rozwijanie sprawno\u015bci manualnej,<\/h3>\n<h3>&#8211; rozbudzanie wra\u017cliwo\u015bci estetycznej,<\/h3>\n<h3>&#8211; rozwijanie umiej\u0119tno\u015bci liczenia,<\/h3>\n<h3>&#8211; doskonalenie umiej\u0119tno\u015bci matematycznych,<\/h3>\n<h3>&#8211; rozwijanie sprawno\u015bci fizycznej,<\/h3>\n<h3>&#8211; wszechstronny i harmonijny rozw\u00f3j organizmu,<\/h3>\n<h3>&#8211; wyrabianie dykcji i artykulacji,<\/h3>\n<h3>&#8211; doskonalenie aparatu ruchowego i koncentracji uwagi,<\/h3>\n<h3>&#8211; doskonalenie my\u015blenia tw\u00f3rczego,<\/h3>\n<h3>&#8211; rozwijanie sprawno\u015bci fizycznej,<\/h3>\n<h3>&#8211; wszechstronny i harmonijny rozw\u00f3j organizmu,<\/h3>\n<h3>&#8211; rozwijanie postawy badawczej,<\/h3>\n<h3>&#8211; rozwijanie kreatywno\u015bci,<\/h3>\n<h3>&#8211; wyra\u017canie swoich spostrze\u017ce\u0144 w ekspresji plastycznej,<\/h3>\n<h3>&#8211; rozwijanie umiej\u0119tno\u015bci dzia\u0142ania w grupie,<\/h3>\n<h3>&#8211; integracja grupy,<\/h3>\n<h3><span style=\"color: #00ccff;\">IV Zwiedzamy \u015bwiat<\/span><\/h3>\n<h3>&#8211; rozwijanie mowy,<\/h3>\n<h3>&#8211; zapoznanie z ciekawymi miejscami na \u015bwiecie,<\/h3>\n<h3>&#8211; rozwijanie percepcji wzrokowej,<\/h3>\n<h3>&#8211; poznanie kraj\u00f3w s\u0105siaduj\u0105cych z Polsk\u0105,<\/h3>\n<h3>&#8211; rozwijanie umiej\u0119tno\u015bci liczenia,<\/h3>\n<h3>&#8211; zapoznanie z potrawami z innych pa\u0144stw,<\/h3>\n<h3>&#8211; rozwijanie sprawno\u015bci fizycznej,<\/h3>\n<h3>&#8211; wszechstronny i harmonijny rozw\u00f3j organizmu,<\/h3>\n<h3>&#8211; rozwijanie koordynacji s\u0142uchowo-ruchowej,<\/h3>\n<h3>&#8211; rozwijanie wyobra\u017ani muzycznej,<\/h3>\n<h3>&#8211; rozwijanie mowy,<\/h3>\n<h3>&#8211; zdobywanie informacji na temat ciekawych miejsc w Europie,<\/h3>\n<h3>&#8211; integracja grupy,<\/h3>\n<h3>&#8211; stymulowanie do poznawania i odkrywania \u015bwiata,<\/h3>\n<h3>&#8211; rozwijanie sprawno\u015bci manualnej,<\/h3>\n<h3>&#8211; pobudzanie kreatywno\u015bci,<\/h3>\n<h3>&#8211; uwra\u017cliwianie na przestrzeganie zasad bezpiecze\u0144stwa podczas wakacji<\/h3>\n<h3 style=\"text-align: center;\"><span style=\"color: #ff0000;\">Piosenka do utrwalenia <\/span><\/h3>\n<h3 style=\"text-align: center;\"><span style=\"color: #00ccff;\">,,Dzieci z ca\u0142ego \u015bwiata&#8221;<\/span><\/h3>\n<h4 style=\"text-align: center;\">(s\u0142. i muz. Krystyna Gowik)<\/h4>\n<h3 style=\"text-align: center;\">1. Tu Ameryka, a tu Afryka!<\/h3>\n<h3 style=\"text-align: center;\">Tam Azja i Europa &#8211; wsz\u0119dzie pe\u0142no dzieci.<\/h3>\n<h3 style=\"text-align: center;\">Tu i tam mieszkaj\u0105, w tylu r\u00f3\u017cnych krajach,<\/h3>\n<h3 style=\"text-align: center;\">na ca\u0142ym \u015bwiecie &#8211; 2x<\/h3>\n<h3 style=\"text-align: center;\">Ref. Dzieci wsz\u0119dzie s\u0105 takie same.<\/h3>\n<h3 style=\"text-align: center;\">Kochaj\u0105 tat\u0119, kochaj\u0105 mam\u0119.<\/h3>\n<h3 style=\"text-align: center;\">Lubi\u0105 zabawy, gry i przygody,<\/h3>\n<h3 style=\"text-align: center;\">Puzzle i bajki, ciastka i lody.<\/h3>\n<h3 style=\"text-align: center;\">Szukanie skarb\u00f3w oraz bieganie,<\/h3>\n<h3 style=\"text-align: center;\">Na g\u0142owie stanie, weso\u0142e brykanie.<\/h3>\n<h3 style=\"text-align: center;\">Ka\u017cde z dzieci chce przyg\u00f3d mie\u0107 ca\u0142\u0105 gam\u0119,<\/h3>\n<h3 style=\"text-align: center;\">Bo dzieci wsz\u0119dzie s\u0105 takie same.<\/h3>\n<h3 style=\"text-align: center;\">2. Tu wielkie miasto! A tutaj wioska!<\/h3>\n<h3 style=\"text-align: center;\">Czy blok, czy kamienica \u2013 wsz\u0119dzie pe\u0142no dzieci.<\/h3>\n<h3 style=\"text-align: center;\">Du\u017ce czy te\u017c ma\u0142e, ale takie kochane<\/h3>\n<h3 style=\"text-align: center;\">Przez sw\u0105 rodzin\u0119, tat\u0119 i mam\u0119.<\/h3>\n<h3 style=\"text-align: center;\">Ref.: Dzieci wsz\u0119dzie s\u0105 takie same \u2026<\/h3>\n<p>&nbsp;<\/p>\n<h2 style=\"text-align: center;\"><span style=\"color: #ff6600;\">6 LATKI<\/span><\/h2>\n<h3 align=\"justify\"><span style=\"color: #0000ff;\">I ,, Czego dzieci potrzebuj\u0105 do szcz\u0119\u015bcia?\u201d<\/span><\/h3>\n<ul>\n<li value=\"1\">\n<h3>rozwijanie mowy, rozwijanie umiej\u0119tno\u015bci zadawania pyta\u0144,<\/h3>\n<\/li>\n<li>\n<h3>rozwijanie spostrzegawczo\u015bci, rozwijanie koncentracji uwagi,<\/h3>\n<\/li>\n<li>\n<h3>rozwijanie umiej\u0119tno\u015bci rozwi\u0105zywania zada\u0144 tekstowych, doskonalenie umiej\u0119tno\u015bci wa\u017cenia,<\/h3>\n<\/li>\n<li>\n<h3>kszta\u0142towanie odruchu prawid\u0142owej postawy, rozwijanie sprawno\u015bci fizycznej,<\/h3>\n<\/li>\n<li>\n<h3>ilustrowanie piosenki ruchem,<\/h3>\n<\/li>\n<li>\n<h3>zapoznanie z zabawami dzieci z r\u00f3\u017cnych zak\u0105tk\u00f3w \u015bwiata, rozwijanie umiej\u0119tno\u015bci czytania,<\/h3>\n<\/li>\n<li>\n<h3>rozwijanie s\u0142uchu fonematycznego, rozwijanie zainteresowa\u0144 badawczych,<\/h3>\n<\/li>\n<li>\n<h3>rozwijanie sprawno\u015bci manualnej, dbanie o porz\u0105dek na stanowisku pracy,<\/h3>\n<\/li>\n<li>\n<h3>rozwijanie umiej\u0119tno\u015bci rywalizacji, integrowanie si\u0119 z r\u00f3wie\u015bnikami,<\/h3>\n<\/li>\n<\/ul>\n<h3 align=\"justify\"><span style=\"color: #0000ff;\">II ,, Lato, lato, lato czeka \u201d<\/span><\/h3>\n<ul>\n<li>\n<h3 align=\"justify\">rozwijanie mowy, rozwijanie kreatywno\u015bci,<\/h3>\n<\/li>\n<li>\n<h3>rozwijanie umiej\u0119tno\u015bci wsp\u00f3\u0142dzia\u0142ania, rozwijanie my\u015blenia tw\u00f3rczego,<\/h3>\n<\/li>\n<li>\n<h3>rozwijanie umiej\u0119tno\u015bci porz\u0105dkowania, rozwijanie umiej\u0119tno\u015bci dodawania i odejmowania,<\/h3>\n<\/li>\n<li>\n<h3>kszta\u0142towanie odruchu prawid\u0142owej postawy, rozwijanie sprawno\u015bci fizycznej,<\/h3>\n<\/li>\n<li>\n<h3>rozwijanie poczucia rytmu, rozwijanie umiej\u0119tno\u015bci wokalnych,<\/h3>\n<\/li>\n<li>\n<h3>rozwijanie umiej\u0119tno\u015bci pracy w grupie, rozwijanie wyobra\u017ani przestrzennej,<\/h3>\n<\/li>\n<li>\n<h3>rozwijanie sprawno\u015bci manualnej,<\/h3>\n<\/li>\n<li>\n<h3>integrowanie si\u0119 grupy, rozwijanie my\u015blenia logicznego,<\/h3>\n<\/li>\n<\/ul>\n<h3 align=\"justify\"><span style=\"color: #0000ff;\">III ,, Wkr\u00f3tce wakacje \u201d<\/span><\/h3>\n<ul>\n<li>\n<h3>rozwijanie mowy, zapoznanie z miejscami letniego wypoczynku,<\/h3>\n<\/li>\n<li>\n<h3>rozwijanie sprawno\u015bci manualnej, rozbudzanie wra\u017cliwo\u015bci estetycznej,<\/h3>\n<\/li>\n<li>\n<h3>rozwijanie umiej\u0119tno\u015bci liczenia, rozwijanie umiej\u0119tno\u015bci wsp\u00f3\u0142pracy,<\/h3>\n<\/li>\n<li>\n<h3>rozwijanie sprawno\u015bci fizycznej, przestrzeganie dok\u0142adno\u015bci wykonywania \u0107wicze\u0144,<\/h3>\n<\/li>\n<li>\n<h3>wyrabianie umiej\u0119tno\u015bci ta\u0144ca z rekwizytem, wyzwalanie ch\u0119ci udzia\u0142u we wsp\u00f3lnych zabawach,<\/h3>\n<\/li>\n<li>\n<h3>wdra\u017canie do przestrzegania zasad bezpiecze\u0144stwa,<\/h3>\n<\/li>\n<li>\n<h3>rozwijanie sprawno\u015bci fizycznej, przestrzeganie dok\u0142adno\u015bci wykonywania \u0107wicze\u0144,<\/h3>\n<\/li>\n<li>\n<h3>rozwijanie postawy badawczej, rozwijanie sprawno\u015bci manualnej,<\/h3>\n<\/li>\n<li>\n<h3>rozwijanie poczucia satysfakcji z wykonywanej pracy,<\/h3>\n<\/li>\n<li>\n<h3>budowanie poczucia wsp\u00f3lnoty, integracja grupy,<\/h3>\n<\/li>\n<\/ul>\n<h3 align=\"justify\"><span style=\"color: #0000ff;\">IV ,, Zwiedzamy \u015bwiat\u201d<\/span><\/h3>\n<ul>\n<li>\n<h3>rozwijanie mowy, rozwijanie kreatywno\u015bci,<\/h3>\n<\/li>\n<li>\n<h3>rozwijanie mowy, zapoznanie z ciekawymi miejscami na \u015bwiecie,<\/h3>\n<\/li>\n<li>\n<h3>rozwijanie sprawno\u015bci manualnej, poznawanie kraj\u00f3w s\u0105siaduj\u0105cych z Polsk\u0105,<\/h3>\n<\/li>\n<li>\n<h3>rozwijanie umiej\u0119tno\u015bci liczenia, zapoznanie z potrawami z r\u00f3\u017cnych pa\u0144stw,<\/h3>\n<\/li>\n<li>\n<h3>rozwijanie sprawno\u015bci fizycznej, przestrzeganie dok\u0142adno\u015bci wykonywania \u0107wicze\u0144,<\/h3>\n<\/li>\n<li>\n<h3>rozwijanie wyobra\u017ani muzycznej, rozwijanie umiej\u0119tno\u015bci wokalnych,<\/h3>\n<\/li>\n<li>\n<h3>zdobywanie informacji na temat ciekawych miejsc w Europie,<\/h3>\n<\/li>\n<li>\n<h3>integrowanie grupy, stymulowanie do poznawania i odkrywania \u015bwiata,<\/h3>\n<\/li>\n<li>\n<h3>rozwijanie sprawno\u015bci manualnej.<\/h3>\n<\/li>\n<\/ul>\n<h3 align=\"center\"><span style=\"color: #ff6600;\">Piosenka do utrwalenia<\/span><\/h3>\n<h3 align=\"center\"><span style=\"color: #0000ff;\"> ,, Lato na lotni\u201d<\/span><\/h3>\n<h4 align=\"center\">(s\u0142. i muz. Krystyna Gowik)<\/h4>\n<h3 style=\"text-align: center;\">1. Lato na lotni leci,<\/h3>\n<h3 style=\"text-align: center;\">z wysoka macha do dzieci.<\/h3>\n<h3 style=\"text-align: center;\">\u201ePrzynosz\u0119 wszystkim dni pe\u0142ne s\u0142o\u0144ca.<\/h3>\n<h3 style=\"text-align: center;\">Cieszcie si\u0119 nimi, cieszcie bez ko\u0144ca!\u201d<\/h3>\n<h3 style=\"text-align: center;\">Ref.: Lato, lato, lato wsz\u0119dzie.<\/h3>\n<h3 style=\"text-align: center;\">Teraz ci\u0105gle upa\u0142 b\u0119dzie.<\/h3>\n<h3 style=\"text-align: center;\">B\u0119d\u0105 lody dla och\u0142ody.<\/h3>\n<h3 style=\"text-align: center;\">Ka\u017cdy wskoczy\u0107 b\u0119dzie chcia\u0142 do wody.<\/h3>\n<h3 style=\"text-align: center;\">Wyjm\u0119 kr\u00f3tkie spodnie, sukienki, kapelusze<\/h3>\n<h3 style=\"text-align: center;\">i jeszcze krem z filtrem koniecznie kupi\u0107 musz\u0119.<\/h3>\n<h3 style=\"text-align: center;\">2. Lotnia zatacza ko\u0142a,<\/h3>\n<h3 style=\"text-align: center;\">a w dole grupa weso\u0142a.<\/h3>\n<h3 style=\"text-align: center;\">To przedszkolaki skacz\u0105 z rado\u015bci,<\/h3>\n<h3 style=\"text-align: center;\">\u017ce lato wreszcie u nich zago\u015bci.<\/h3>\n<h3 style=\"text-align: center;\">Ref.: Lato, lato, lato wsz\u0119dzie\u2026<\/h3>\n","protected":false},"excerpt":{"rendered":"<p>3 LATKI 1. Czego dzieci potrzebuj\u0105 do szcz\u0119\u015bcia? &#8211; rozwijanie mowy &#8211; zapoznanie z terminem ,,r\u00f3wie\u015bnicy\u201d &#8211; rozwijanie umiej\u0119tno\u015bci przeliczania &#8211; tworzenie zbior\u00f3w &#8211; kszta\u0142cenie percepcji s\u0142uchowo \u2013 ruchowej &#8211; rozwijanie aktywno\u015bci muzyczno \u2013 ruchowej &#8211; rozwijanie sprawno\u015bci fizycznej &#8211; kszta\u0142towanie odruchu prawid\u0142owej postawy &#8211; rozwijanie sprawno\u015bci manualnej &#8211; dbanie o porz\u0105dek na stanowisku pracy&hellip; <br \/> <a class=\"read-more\" href=\"http:\/\/przedszkole.kosowlacki.pl\/wordpress\/zamierzenia-na-czerwiec-4\/\">Read more<\/a><\/p>\n","protected":false},"author":2,"featured_media":0,"comment_status":"open","ping_status":"open","sticky":false,"template":"","format":"standard","meta":[],"categories":[12],"tags":[],"_links":{"self":[{"href":"http:\/\/przedszkole.kosowlacki.pl\/wordpress\/wp-json\/wp\/v2\/posts\/17787"}],"collection":[{"href":"http:\/\/przedszkole.kosowlacki.pl\/wordpress\/wp-json\/wp\/v2\/posts"}],"about":[{"href":"http:\/\/przedszkole.kosowlacki.pl\/wordpress\/wp-json\/wp\/v2\/types\/post"}],"author":[{"embeddable":true,"href":"http:\/\/przedszkole.kosowlacki.pl\/wordpress\/wp-json\/wp\/v2\/users\/2"}],"replies":[{"embeddable":true,"href":"http:\/\/przedszkole.kosowlacki.pl\/wordpress\/wp-json\/wp\/v2\/comments?post=17787"}],"version-history":[{"count":3,"href":"http:\/\/przedszkole.kosowlacki.pl\/wordpress\/wp-json\/wp\/v2\/posts\/17787\/revisions"}],"predecessor-version":[{"id":17790,"href":"http:\/\/przedszkole.kosowlacki.pl\/wordpress\/wp-json\/wp\/v2\/posts\/17787\/revisions\/17790"}],"wp:attachment":[{"href":"http:\/\/przedszkole.kosowlacki.pl\/wordpress\/wp-json\/wp\/v2\/media?parent=17787"}],"wp:term":[{"taxonomy":"category","embeddable":true,"href":"http:\/\/przedszkole.kosowlacki.pl\/wordpress\/wp-json\/wp\/v2\/categories?post=17787"},{"taxonomy":"post_tag","embeddable":true,"href":"http:\/\/przedszkole.kosowlacki.pl\/wordpress\/wp-json\/wp\/v2\/tags?post=17787"}],"curies":[{"name":"wp","href":"https:\/\/api.w.org\/{rel}","templated":true}]}}