{"id":17784,"date":"2024-06-03T11:18:43","date_gmt":"2024-06-03T09:18:43","guid":{"rendered":"http:\/\/przedszkole.kosowlacki.pl\/wordpress\/?p=17784"},"modified":"2024-06-03T11:18:43","modified_gmt":"2024-06-03T09:18:43","slug":"zaproszenie-3","status":"publish","type":"post","link":"http:\/\/przedszkole.kosowlacki.pl\/wordpress\/zaproszenie-3\/","title":{"rendered":"Zaproszenie"},"content":{"rendered":"<h3 style=\"text-align: center;\">Serdecznie zapraszamy rodzic\u00f3w dzieci 6 letnich<\/h3>\n<h3 style=\"text-align: center;\">(S\u0142oneczka\u00a0 i Motylki\u201d)<\/h3>\n<h3 style=\"text-align: center;\">\u00a0na uroczyste po\u017cegnanie przedszkola,<\/h3>\n<h3 style=\"text-align: center;\">kt\u00f3re odb\u0119dzie si\u0119 <span style=\"color: #ff0000;\">20 czerwca (czwartek )<\/span><\/h3>\n<h3 style=\"text-align: center;\"><span style=\"color: #ff0000;\">o godz. 10.00 na sali gimnastycznej.<\/span><\/h3>\n","protected":false},"excerpt":{"rendered":"<p>Serdecznie zapraszamy rodzic\u00f3w dzieci 6 letnich (S\u0142oneczka\u00a0 i Motylki\u201d) \u00a0na uroczyste po\u017cegnanie przedszkola, kt\u00f3re odb\u0119dzie si\u0119 20 czerwca (czwartek ) o godz. 10.00 na sali gimnastycznej.<\/p>\n","protected":false},"author":2,"featured_media":0,"comment_status":"open","ping_status":"open","sticky":false,"template":"","format":"standard","meta":[],"categories":[11],"tags":[],"_links":{"self":[{"href":"http:\/\/przedszkole.kosowlacki.pl\/wordpress\/wp-json\/wp\/v2\/posts\/17784"}],"collection":[{"href":"http:\/\/przedszkole.kosowlacki.pl\/wordpress\/wp-json\/wp\/v2\/posts"}],"about":[{"href":"http:\/\/przedszkole.kosowlacki.pl\/wordpress\/wp-json\/wp\/v2\/types\/post"}],"author":[{"embeddable":true,"href":"http:\/\/przedszkole.kosowlacki.pl\/wordpress\/wp-json\/wp\/v2\/users\/2"}],"replies":[{"embeddable":true,"href":"http:\/\/przedszkole.kosowlacki.pl\/wordpress\/wp-json\/wp\/v2\/comments?post=17784"}],"version-history":[{"count":1,"href":"http:\/\/przedszkole.kosowlacki.pl\/wordpress\/wp-json\/wp\/v2\/posts\/17784\/revisions"}],"predecessor-version":[{"id":17785,"href":"http:\/\/przedszkole.kosowlacki.pl\/wordpress\/wp-json\/wp\/v2\/posts\/17784\/revisions\/17785"}],"wp:attachment":[{"href":"http:\/\/przedszkole.kosowlacki.pl\/wordpress\/wp-json\/wp\/v2\/media?parent=17784"}],"wp:term":[{"taxonomy":"category","embeddable":true,"href":"http:\/\/przedszkole.kosowlacki.pl\/wordpress\/wp-json\/wp\/v2\/categories?post=17784"},{"taxonomy":"post_tag","embeddable":true,"href":"http:\/\/przedszkole.kosowlacki.pl\/wordpress\/wp-json\/wp\/v2\/tags?post=17784"}],"curies":[{"name":"wp","href":"https:\/\/api.w.org\/{rel}","templated":true}]}}