{"id":17781,"date":"2024-06-03T11:02:06","date_gmt":"2024-06-03T09:02:06","guid":{"rendered":"http:\/\/przedszkole.kosowlacki.pl\/wordpress\/?p=17781"},"modified":"2024-06-03T11:02:06","modified_gmt":"2024-06-03T09:02:06","slug":"ogloszenie-25","status":"publish","type":"post","link":"http:\/\/przedszkole.kosowlacki.pl\/wordpress\/ogloszenie-25\/","title":{"rendered":"Og\u0142oszenie"},"content":{"rendered":"<p>Rodzice, kt\u00f3rzy\u00a0 pracuj\u0105 i nie maj\u0105 mo\u017cliwo\u015bci zapewnienia dziecku opieki w miesi\u0105cu sierpniu, mog\u0105 zapisa\u0107 je na miesi\u0119czny pobyt wakacyjny do przedszkola.<\/p>\n<p>Zainteresowanych prosimy o wype\u0142nienie wniosku<br \/>\no przyj\u0119cie dziecka na dy\u017cur wakacyjny w sekretariacie naszego przedszkola do dnia <strong>20.06.2024r. <\/strong><\/p>\n<p><strong>Wa\u017cne informacje:<\/strong><\/p>\n<p>Przedszkole, kt\u00f3re zapewnia opiek\u0119 w miesi\u0105cu <strong>sierpniu<\/strong>:<\/p>\n<ul>\n<li>B\u0119dzie czynne w godzinach od <strong><u>6<sup>30<\/sup> do 16<sup>30<\/sup><\/u><\/strong> .<\/li>\n<li>Stawka dzienna za wy\u017cywienie w miesi\u0105cu sierpniu\u2013 <strong><u>14 z\u0142;<\/u><\/strong><\/li>\n<\/ul>\n<p><strong><u>\u00a0 (21 dni x 14 z\u0142 = 294 z\u0142) <\/u><\/strong><\/p>\n<p><strong><u>Godziny dodatkowe nale\u017cy op\u0142aci\u0107 w miesi\u0105cu wrze\u015bniu op\u0142ata 0,80 z\u0142 za godzin\u0119<\/u><\/strong><\/p>\n<p>Op\u0142ata za wy\u017cywienie nale\u017cy wp\u0142aci\u0107\u00a0 na konto<\/p>\n<p><strong><u>nie wcze\u015bniej<\/u><\/strong> <strong><u>ni\u017c w okresie od 01.08.2024 do 10.08.2024r<\/u><\/strong>.<\/p>\n<p>Jednodniowe\u00a0 nieobecno\u015bci dziecka nie b\u0119d\u0105 odliczane.<\/p>\n<ul>\n<li>Wszystkie dzieci przynosz\u0105 <strong>r\u0119cznik papierowy<\/strong>.<\/li>\n<li>Wnioski o przyj\u0119cie dziecka na dy\u017cur wakacyjny, kt\u00f3re nie wp\u0142yn\u0105 w okre\u015blonym terminie tj. do dnia <strong>20.06.2024r.<\/strong> nie b\u0119d\u0105 rozpatrywane.<\/li>\n<\/ul>\n<p>&nbsp;<\/p>\n","protected":false},"excerpt":{"rendered":"<p>Rodzice, kt\u00f3rzy\u00a0 pracuj\u0105 i nie maj\u0105 mo\u017cliwo\u015bci zapewnienia dziecku opieki w miesi\u0105cu sierpniu, mog\u0105 zapisa\u0107 je na miesi\u0119czny pobyt wakacyjny do przedszkola. Zainteresowanych prosimy o wype\u0142nienie wniosku o przyj\u0119cie dziecka na dy\u017cur wakacyjny w sekretariacie naszego przedszkola do dnia 20.06.2024r. Wa\u017cne informacje: Przedszkole, kt\u00f3re zapewnia opiek\u0119 w miesi\u0105cu sierpniu: B\u0119dzie czynne w godzinach od 630&hellip; <br \/> <a class=\"read-more\" href=\"http:\/\/przedszkole.kosowlacki.pl\/wordpress\/ogloszenie-25\/\">Read more<\/a><\/p>\n","protected":false},"author":2,"featured_media":0,"comment_status":"open","ping_status":"open","sticky":false,"template":"","format":"standard","meta":[],"categories":[11],"tags":[],"_links":{"self":[{"href":"http:\/\/przedszkole.kosowlacki.pl\/wordpress\/wp-json\/wp\/v2\/posts\/17781"}],"collection":[{"href":"http:\/\/przedszkole.kosowlacki.pl\/wordpress\/wp-json\/wp\/v2\/posts"}],"about":[{"href":"http:\/\/przedszkole.kosowlacki.pl\/wordpress\/wp-json\/wp\/v2\/types\/post"}],"author":[{"embeddable":true,"href":"http:\/\/przedszkole.kosowlacki.pl\/wordpress\/wp-json\/wp\/v2\/users\/2"}],"replies":[{"embeddable":true,"href":"http:\/\/przedszkole.kosowlacki.pl\/wordpress\/wp-json\/wp\/v2\/comments?post=17781"}],"version-history":[{"count":1,"href":"http:\/\/przedszkole.kosowlacki.pl\/wordpress\/wp-json\/wp\/v2\/posts\/17781\/revisions"}],"predecessor-version":[{"id":17782,"href":"http:\/\/przedszkole.kosowlacki.pl\/wordpress\/wp-json\/wp\/v2\/posts\/17781\/revisions\/17782"}],"wp:attachment":[{"href":"http:\/\/przedszkole.kosowlacki.pl\/wordpress\/wp-json\/wp\/v2\/media?parent=17781"}],"wp:term":[{"taxonomy":"category","embeddable":true,"href":"http:\/\/przedszkole.kosowlacki.pl\/wordpress\/wp-json\/wp\/v2\/categories?post=17781"},{"taxonomy":"post_tag","embeddable":true,"href":"http:\/\/przedszkole.kosowlacki.pl\/wordpress\/wp-json\/wp\/v2\/tags?post=17781"}],"curies":[{"name":"wp","href":"https:\/\/api.w.org\/{rel}","templated":true}]}}