{"id":17399,"date":"2024-05-27T11:38:24","date_gmt":"2024-05-27T09:38:24","guid":{"rendered":"http:\/\/przedszkole.kosowlacki.pl\/wordpress\/?p=17399"},"modified":"2024-05-27T11:38:35","modified_gmt":"2024-05-27T09:38:35","slug":"zajecia-otwarte-dla-rodzicow-w-grupie-biedronki","status":"publish","type":"post","link":"http:\/\/przedszkole.kosowlacki.pl\/wordpress\/zajecia-otwarte-dla-rodzicow-w-grupie-biedronki\/","title":{"rendered":"Zaj\u0119cia otwarte dla rodzic\u00f3w w grupie &#8222;Biedronki&#8221;"},"content":{"rendered":"<p style=\"text-align: center;\">W dniu 24 maja w grupie \u201eBiedronki\u201d odby\u0142y si\u0119 zaj\u0119cia otwarte dla rodzic\u00f3w.<\/p>\n<p style=\"text-align: center;\">Dzi\u0119ki tym zaj\u0119ciom dzieci mia\u0142y mo\u017cliwo\u015b\u0107 sp\u0119dzenia czasu z mam\u0105, pobawienia si\u0119 i pokazania czego ju\u017c si\u0119 nauczy\u0142y. Tematem zaj\u0119\u0107 by\u0142a \u201eWiosenna \u0141\u0105ka\u201d.<\/p>\n<p style=\"text-align: center;\">Zaj\u0119cia rozpocz\u0119\u0142y si\u0119 od zabawy na powitanie wszystkich go\u015bci oraz dzieci pt. \u201eKr\u0105g zwierz\u0105t\u201d. Nast\u0119pnie grupa wys\u0142ucha\u0142a opowiadania o \u0142\u0105ce, w kt\u00f3rym wyst\u0119powa\u0142y m.in. bocian, \u017cabka, pasikonik, motyle. Dzieci z zainteresowaniem s\u0142ucha\u0142y tekstu, a nast\u0119pnie odpowiada\u0142y na zadane przez nauczycielk\u0119 pytania. Zabawa ciep\u0142o \u2013 zimno, przynios\u0142a grupie wiele rado\u015bci, a tak\u017ce uczy\u0142a spostrzegawczo\u015bci i pracy w grupie. Na zako\u0144czenie przedszkolaki mia\u0142y za zadanie wyci\u0105\u0107 \u015blimaki z papieru i z pask\u00f3w bibu\u0142y zrobi\u0107 kuleczki, kt\u00f3re nast\u0119pnie przykleja\u0142y do wyci\u0119tych \u015blimaczk\u00f3w.<\/p>\n<p style=\"text-align: center;\">Zaj\u0119cia przynios\u0142y zar\u00f3wno dzieciom jak i rodzicom wiele rado\u015bci.<\/p>\n<p style=\"text-align: right;\">K. Trebnio<\/p>\n","protected":false},"excerpt":{"rendered":"<p>W dniu 24 maja w grupie \u201eBiedronki\u201d odby\u0142y si\u0119 zaj\u0119cia otwarte dla rodzic\u00f3w. Dzi\u0119ki tym zaj\u0119ciom dzieci mia\u0142y mo\u017cliwo\u015b\u0107 sp\u0119dzenia czasu z mam\u0105, pobawienia si\u0119 i pokazania czego ju\u017c si\u0119 nauczy\u0142y. Tematem zaj\u0119\u0107 by\u0142a \u201eWiosenna \u0141\u0105ka\u201d. Zaj\u0119cia rozpocz\u0119\u0142y si\u0119 od zabawy na powitanie wszystkich go\u015bci oraz dzieci pt. \u201eKr\u0105g zwierz\u0105t\u201d. Nast\u0119pnie grupa wys\u0142ucha\u0142a opowiadania o&hellip; <br \/> <a class=\"read-more\" href=\"http:\/\/przedszkole.kosowlacki.pl\/wordpress\/zajecia-otwarte-dla-rodzicow-w-grupie-biedronki\/\">Read more<\/a><\/p>\n","protected":false},"author":9,"featured_media":0,"comment_status":"open","ping_status":"open","sticky":false,"template":"","format":"standard","meta":[],"categories":[10],"tags":[],"_links":{"self":[{"href":"http:\/\/przedszkole.kosowlacki.pl\/wordpress\/wp-json\/wp\/v2\/posts\/17399"}],"collection":[{"href":"http:\/\/przedszkole.kosowlacki.pl\/wordpress\/wp-json\/wp\/v2\/posts"}],"about":[{"href":"http:\/\/przedszkole.kosowlacki.pl\/wordpress\/wp-json\/wp\/v2\/types\/post"}],"author":[{"embeddable":true,"href":"http:\/\/przedszkole.kosowlacki.pl\/wordpress\/wp-json\/wp\/v2\/users\/9"}],"replies":[{"embeddable":true,"href":"http:\/\/przedszkole.kosowlacki.pl\/wordpress\/wp-json\/wp\/v2\/comments?post=17399"}],"version-history":[{"count":1,"href":"http:\/\/przedszkole.kosowlacki.pl\/wordpress\/wp-json\/wp\/v2\/posts\/17399\/revisions"}],"predecessor-version":[{"id":17400,"href":"http:\/\/przedszkole.kosowlacki.pl\/wordpress\/wp-json\/wp\/v2\/posts\/17399\/revisions\/17400"}],"wp:attachment":[{"href":"http:\/\/przedszkole.kosowlacki.pl\/wordpress\/wp-json\/wp\/v2\/media?parent=17399"}],"wp:term":[{"taxonomy":"category","embeddable":true,"href":"http:\/\/przedszkole.kosowlacki.pl\/wordpress\/wp-json\/wp\/v2\/categories?post=17399"},{"taxonomy":"post_tag","embeddable":true,"href":"http:\/\/przedszkole.kosowlacki.pl\/wordpress\/wp-json\/wp\/v2\/tags?post=17399"}],"curies":[{"name":"wp","href":"https:\/\/api.w.org\/{rel}","templated":true}]}}