{"id":17395,"date":"2024-05-27T11:24:19","date_gmt":"2024-05-27T09:24:19","guid":{"rendered":"http:\/\/przedszkole.kosowlacki.pl\/wordpress\/?p=17395"},"modified":"2024-05-27T11:24:19","modified_gmt":"2024-05-27T09:24:19","slug":"ogloszenie-o-naborze-na-wolne-stanowisko-pracy-sprzataczka","status":"publish","type":"post","link":"http:\/\/przedszkole.kosowlacki.pl\/wordpress\/ogloszenie-o-naborze-na-wolne-stanowisko-pracy-sprzataczka\/","title":{"rendered":"OG\u0141OSZENIE O NABORZE NA WOLNE STANOWISKO PRACY &#8211; SPRZ\u0104TACZKA"},"content":{"rendered":"<h3>OG\u0141OSZENIE O NABORZE NA WOLNE STANOWISKO PRACY<\/h3>\n<h3>Dyrektor Gminnego Przedszkola w Kosowie Lackim og\u0142asza nab\u00f3r na wolne stanowisko pracy<\/h3>\n<h3>Sprz\u0105taczka ( w pe\u0142nym wymiarze czasu pracy \u2013 1 etat )<\/h3>\n<ol>\n<li>\n<h3>Wymagania niezb\u0119dne:<\/h3>\n<\/li>\n<\/ol>\n<h3>&#8211; wykszta\u0142cenie co najmniej \u015brednie,<\/h3>\n<h3>&#8211; umiej\u0119tno\u015b\u0107 wykonywania czynno\u015bci na powierzonym stanowisku,<\/h3>\n<h3>&#8211; pe\u0142na zdolno\u015b\u0107 do czynno\u015bci prawnych oraz korzystanie z pe\u0142ni praw publicznych- o\u015bwiadczenie<\/h3>\n<h3>&#8211; niekaralno\u015b\u0107 za przest\u0119pstwo pope\u0142nione umy\u015blnie -o\u015bwiadczenie<\/h3>\n<h3>&#8211; stan zdrowia pozwalaj\u0105cy na wykonywanie pracy na stanowisku sprz\u0105taczki &#8211; o\u015bwiadczenie<\/h3>\n<ol start=\"2\">\n<li>\n<h3>Wymagania dodatkowe:<\/h3>\n<\/li>\n<\/ol>\n<h3>&#8211; umiej\u0119tno\u015b\u0107 pracy w zespole oraz nawi\u0105zywania dobrych relacji z pracownikami przedszkola, dzie\u0107mi i rodzicami,<\/h3>\n<h3>&#8211; systematyczno\u015b\u0107, odpowiedzialno\u015b\u0107 i dyscyplina pracy,<\/h3>\n<h3>&#8211; przestrzeganie podstawowych zasad moralnych,<\/h3>\n<h3>&#8211; sumienno\u015b\u0107 i punktualno\u015b\u0107.<\/h3>\n<ol start=\"3\">\n<li>\n<h3>Zakres zada\u0144 wykonywanych na stanowisku:<\/h3>\n<\/li>\n<li>\n<h3>a) otwierania i zamykanie budynku przedszkola,<\/h3>\n<\/li>\n<li>\n<h3>b) pe\u0142nienie dy\u017curu przy wej\u015bciu do przedszkola pilnuj\u0105c, aby na teren przedszkola nie wchodzi\u0142y osoby postronne,<\/h3>\n<\/li>\n<li>\n<h3>c) codzienne sprz\u0105tanie wyznaczonych rejon\u00f3w w przedszkolu,<\/h3>\n<\/li>\n<li>\n<h3>d) dbanie o utrzymanie w nale\u017cytym porz\u0105dku ci\u0105g\u00f3w komunikacyjnych do przedszkola,<\/h3>\n<\/li>\n<li>\n<h3>e) dbanie o stan sprz\u0119tu przedszkolnego oraz powierzonego sprz\u0119tu do utrzymania czysto\u015bci,<\/h3>\n<\/li>\n<li>\n<h3>f) wykonywanie prac zwi\u0105zanych z utrzymaniem czysto\u015bci wok\u00f3\u0142 budynku oraz sezonowa piel\u0119gnacja teren\u00f3w zielonych,<\/h3>\n<\/li>\n<li>\n<h3>g) wsp\u00f3\u0142praca z innymi pracownikami przedszkola.<\/h3>\n<\/li>\n<li>\n<h3>Wymagane dokumenty:<\/h3>\n<\/li>\n<li>\n<h3>a) podanie o przyj\u0119cie do pracy<\/h3>\n<\/li>\n<li>\n<h3>b) Curriculum Vitae opatrzone klauzul\u0105- \u201eWyra\u017cam zgod\u0119 na przetwarzanie moich danych osobowych dla potrzeb niezb\u0119dnych do realizacji procesu rekrutacji (zgodnie z ustaw\u0105 z dnia 10 maja 2018 roku o ochronie danych osobowych (Dz. U. z 2018, poz. 1000) oraz zgodnie z Rozporz\u0105dzeniem Parlamentu Europejskiego i Rady (UE) 2016\/679 z dnia 27 kwietnia 2016 r. w sprawie ochrony os\u00f3b fizycznych w zwi\u0105zku z przetwarzaniem danych osobowych i w sprawie swobodnego przep\u0142ywu takich danych oraz uchylenia dyrektywy 95\/46\/WE (RODO)\u201d.<\/h3>\n<\/li>\n<li>\n<h3>c) kserokopie dokument\u00f3w potwierdzaj\u0105cych posiadane wyksztalcenie.<\/h3>\n<\/li>\n<\/ol>\n<h3>Wszystkie \u00a0dokumenty aplikacyjne winny by\u0107 przez kandydata w\u0142asnor\u0119cznie podpisane.<\/h3>\n<h3>Aplikacja nie zawieraj\u0105ca podpisanego o\u015bwiadczenia o wyra\u017ceniu zgody na przetwarzanie danych osobowych lub zawieraj\u0105ca o\u015bwiadczenie o wadliwej tre\u015bci nie b\u0119dzie uwzgl\u0119dniona w procesie rekrutacji.<\/h3>\n<ol start=\"5\">\n<li>\n<h3>Termin i miejsce sk\u0142adania dokument\u00f3w:<\/h3>\n<\/li>\n<\/ol>\n<h3>Wymagane dokumenty aplikacyjne \u00a0nale\u017cy sk\u0142ada\u0107 osobi\u015bcie w zamkni\u0119tych kopertach\u00a0 w sekretariacie Gminnego Przedszkola w Kosowie Lackim przy ulicy Polnej 1 w terminie do \u00a010 czerwca 2024 roku do godziny 16.00<\/h3>\n<h3>\nAplikacje, kt\u00f3re wp\u0142yn\u0105\u00a0 po wy\u017cej okre\u015blonym terminie lub b\u0119d\u0105 niekompletne- nie b\u0119d\u0105 rozpatrywane.<\/h3>\n<h3><\/h3>\n<h3>Dyrektor przedszkola<\/h3>\n<h3>El\u017cbieta Pietrzykowska<\/h3>\n<h3><\/h3>\n<h3><\/h3>\n","protected":false},"excerpt":{"rendered":"<p>OG\u0141OSZENIE O NABORZE NA WOLNE STANOWISKO PRACY Dyrektor Gminnego Przedszkola w Kosowie Lackim og\u0142asza nab\u00f3r na wolne stanowisko pracy Sprz\u0105taczka ( w pe\u0142nym wymiarze czasu pracy \u2013 1 etat ) Wymagania niezb\u0119dne: &#8211; wykszta\u0142cenie co najmniej \u015brednie, &#8211; umiej\u0119tno\u015b\u0107 wykonywania czynno\u015bci na powierzonym stanowisku, &#8211; pe\u0142na zdolno\u015b\u0107 do czynno\u015bci prawnych oraz korzystanie z pe\u0142ni praw&hellip; <br \/> <a class=\"read-more\" href=\"http:\/\/przedszkole.kosowlacki.pl\/wordpress\/ogloszenie-o-naborze-na-wolne-stanowisko-pracy-sprzataczka\/\">Read more<\/a><\/p>\n","protected":false},"author":2,"featured_media":0,"comment_status":"open","ping_status":"open","sticky":false,"template":"","format":"standard","meta":[],"categories":[11],"tags":[],"_links":{"self":[{"href":"http:\/\/przedszkole.kosowlacki.pl\/wordpress\/wp-json\/wp\/v2\/posts\/17395"}],"collection":[{"href":"http:\/\/przedszkole.kosowlacki.pl\/wordpress\/wp-json\/wp\/v2\/posts"}],"about":[{"href":"http:\/\/przedszkole.kosowlacki.pl\/wordpress\/wp-json\/wp\/v2\/types\/post"}],"author":[{"embeddable":true,"href":"http:\/\/przedszkole.kosowlacki.pl\/wordpress\/wp-json\/wp\/v2\/users\/2"}],"replies":[{"embeddable":true,"href":"http:\/\/przedszkole.kosowlacki.pl\/wordpress\/wp-json\/wp\/v2\/comments?post=17395"}],"version-history":[{"count":1,"href":"http:\/\/przedszkole.kosowlacki.pl\/wordpress\/wp-json\/wp\/v2\/posts\/17395\/revisions"}],"predecessor-version":[{"id":17397,"href":"http:\/\/przedszkole.kosowlacki.pl\/wordpress\/wp-json\/wp\/v2\/posts\/17395\/revisions\/17397"}],"wp:attachment":[{"href":"http:\/\/przedszkole.kosowlacki.pl\/wordpress\/wp-json\/wp\/v2\/media?parent=17395"}],"wp:term":[{"taxonomy":"category","embeddable":true,"href":"http:\/\/przedszkole.kosowlacki.pl\/wordpress\/wp-json\/wp\/v2\/categories?post=17395"},{"taxonomy":"post_tag","embeddable":true,"href":"http:\/\/przedszkole.kosowlacki.pl\/wordpress\/wp-json\/wp\/v2\/tags?post=17395"}],"curies":[{"name":"wp","href":"https:\/\/api.w.org\/{rel}","templated":true}]}}