{"id":17390,"date":"2024-05-27T11:21:01","date_gmt":"2024-05-27T09:21:01","guid":{"rendered":"http:\/\/przedszkole.kosowlacki.pl\/wordpress\/?p=17390"},"modified":"2024-05-27T11:25:45","modified_gmt":"2024-05-27T09:25:45","slug":"nabor-na-wolne-stanowisko-pracy","status":"publish","type":"post","link":"http:\/\/przedszkole.kosowlacki.pl\/wordpress\/nabor-na-wolne-stanowisko-pracy\/","title":{"rendered":"NAB\u00d3R NA WOLNE STANOWISKO PRACY"},"content":{"rendered":"<p>&nbsp;<\/p>\n<p style=\"text-align: center;\"><strong><b>Kierownik Klubu Dzieci\u0119cego w Kosowie Lackim<\/b><\/strong><\/p>\n<p style=\"text-align: center;\"><strong><b>og\u0142asza nab\u00f3r na wolne stanowisko pracy opiekunki\/opiekuna dzieci\u0119cego (1 etat)<\/b><\/strong><\/p>\n<p style=\"text-align: center;\"><strong><b>w Klubie Dzieci\u0119cym w Kosowie Lackim<\/b><\/strong><\/p>\n<ol>\n<li><strong><b> Nazwa i adres jednostki: <\/b><\/strong><\/li>\n<\/ol>\n<p>Klub Dzieci\u0119cy w Kosowie Lackim, ul. Polna 1, 08-330 Kos\u00f3w Lacki.<\/p>\n<ol start=\"2\">\n<li><strong><b> Wymagania niezb\u0119dne:<\/b><\/strong><\/li>\n<\/ol>\n<p>1) obywatelstwo polskie lub inne zgodnie z art. 11 ust.2 i 3 ustawy o pracownikach samorz\u0105dowych;<\/p>\n<p>2) pe\u0142na zdolno\u015b\u0107 do czynno\u015bci prawnych i korzystanie z pe\u0142ni praw publicznych;<\/p>\n<p>3) brak skazania prawomocnym wyrokiem s\u0105du za umy\u015blne przest\u0119pstwo \u015bcigane z oskar\u017cenia publicznego lub umy\u015blne przest\u0119pstwo skarbowe;<\/p>\n<p>4) nieposzlakowana opinia;<\/p>\n<p>5) wykszta\u0142cenie: opiekunem w klubie dzieci\u0119cym mo\u017ce by\u0107:<\/p>\n<ol>\n<li>a) osoba posiadaj\u0105ca kwalifikacje: piel\u0119gniarki, po\u0142o\u017cnej, \u00a0opiekunki dzieci\u0119cej, \u00a0nauczyciela wychowania przedszkolnego, nauczyciela edukacji wczesnoszkolnej lub \u00a0pedagoga opieku\u0144czo \u2013 wychowawczego, pedagoga spo\u0142eczno \u2013 wychowawczego, pedagoga wczesnej edukacji, terapeuty pedagogicznego<\/li>\n<li>b) osoba kt\u00f3ra uko\u0144czy\u0142a studia lub studia podyplomowe na kierunku lub specjalno\u015bci: wczesne wspomaganie rozwoju, wspomaganie rozwoju dzieci w ramach pomocy psychologiczno<br \/>\n\u2013 pedagogicznej w \u017c\u0142obkach i przedszkolach, edukacja prorozwojowa, pedagogika ma\u0142ego dziecka, psychologia dzieci\u0119ca, psychologia wspierania rozwoju i kszta\u0142cenia lub psychologia wychowawcza.<\/li>\n<\/ol>\n<p>6) \u00a0Opiekunem w klubie dzieci\u0119cym mo\u017ce by\u0107 tak\u017ce osoba kt\u00f3ra odby\u0142a nie wcze\u015bniej ni\u017c 2 lata przed podj\u0119ciem zatrudnienia jako opiekun szkolenie z udzielania dziecku pierwszej pomocy oraz posiada co najmniej wykszta\u0142cenie:<\/p>\n<ol>\n<li>a) wy\u017csze na dowolnym kierunku, kt\u00f3rego program obejmuje zagadnienia zwi\u0105zane z opiek\u0105 nad ma\u0142ym dzieckiem lub jego rozwojem, i odby\u0142a 80 \u2013 godzinne szkolenie w celu uaktualnienia i uzupe\u0142nienia wiedzy oraz umiej\u0119tno\u015bci<\/li>\n<li>b) \u015brednie lub \u015brednie bran\u017cowe oraz co najmniej roczne do\u015bwiadczenie w pracy z dzie\u0107mi w wieku do lat 3 lub przed zatrudnieniem jako opiekun w klubie dzieci\u0119cym odby\u0142a 280 -godzinne szkolenie, z czego co najmniej 80 godzin w formie zaj\u0119\u0107 praktycznych, polegaj\u0105cych na sprawowaniu opieki nad dzieckiem pod kierunkiem opiekuna o kt\u00f3rym mowa w pkt 5.<\/li>\n<\/ol>\n<p>7) daje r\u0119kojmi\u0119 nale\u017cytego sprawowania opieki nad dzie\u0107mi;<\/p>\n<p>8) nie jest i nie by\u0142a pozbawiona w\u0142adzy rodzicielskiej oraz w\u0142adza rodzicielska nie zosta\u0142a jej zawieszona ani ograniczona;<\/p>\n<p>9) wype\u0142nia obowi\u0105zek alimentacyjny, w przypadku, gdy taki obowi\u0105zek zosta\u0142 na\u0142o\u017cony na podstawie tytu\u0142u wykonawczego pochodz\u0105cego lub zatwierdzonego przez s\u0105d;<\/p>\n<p>10) nie zosta\u0142a skazana prawomocnym wyrokiem za przest\u0119pstwo umy\u015blne oraz nie figuruje w bazie danych Rejestru Sprawc\u00f3w Przest\u0119pstw na Tle Seksualnym z dost\u0119pem ograniczonym.<br \/>\nPrzed podj\u0119ciem zatrudnienia osoby przedstawiaj\u0105 za\u015bwiadczenie o niekaralno\u015bci wystawione nie wcze\u015bniej ni\u017c 3 miesi\u0105ce przed rozpocz\u0119ciem pracy lub \u015bwiadczenia us\u0142ug w klubie dzieci\u0119cym;<\/p>\n<p>11) posiada aktualne badania sanitarno \u2013 epidemiologiczne zgodnie z ustaw\u0105 z dnia 5 grudnia 2008 r. o zapobieganiu oraz zwalczaniu zaka\u017ce\u0144 i chor\u00f3b zaka\u017anych u ludzi (Dz. U. z 2019 r. z poz. 1239);<\/p>\n<ol start=\"3\">\n<li><strong><b> Wymagania dodatkowe:<\/b><\/strong><\/li>\n<\/ol>\n<p>1) bardzo dobry kontakt z dzie\u0107mi;<\/p>\n<p>2) sumienno\u015b\u0107 i rzetelno\u015b\u0107 w realizacji powierzonych zada\u0144;<\/p>\n<p>3) umiej\u0119tno\u015b\u0107 dobrej organizacji pracy;<\/p>\n<p>4) dyspozycyjno\u015b\u0107, terminowo\u015b\u0107, dok\u0142adno\u015b\u0107, odpowiedzialno\u015b\u0107, kreatywno\u015b\u0107;<\/p>\n<p>5) umiej\u0119tno\u015b\u0107 pracy w grupie, cierpliwo\u015b\u0107;<\/p>\n<p>6) wysoka kultura osobista.<\/p>\n<ol start=\"4\">\n<li><strong><b> Zakres podstawowych zada\u0144 wykonywanych na stanowisku:<\/b><\/strong><\/li>\n<\/ol>\n<p>1) opieka nad dzie\u0107mi zgodnie z wymogami ustawy z dnia 4 lutego 2011 o opiece nad dzie\u0107mi w wieku do lat 3;<\/p>\n<p>2) opracowywanie i realizacja programu edukacyjnego,<\/p>\n<p>3) przygotowanie, organizacja i prowadzenie zaj\u0119\u0107 edukacyjnych i stymuluj\u0105cych rozw\u00f3j dzieci, wszechstronny rozw\u00f3j dzieci , pobudzanie dzieci do aktywno\u015bci;<\/p>\n<p>4) wykonywanie codziennych czynno\u015bci zwi\u0105zanych z opiek\u0105 i piel\u0119gnacj\u0105 dzieci z zakresu: karmienia, mycia, uk\u0142adania do snu, przewijania, itp.;<\/p>\n<p>5) wychowawcze oddzia\u0142ywanie na dzieci podczas trwania codziennych czynno\u015bci;<\/p>\n<p>6) prowadzenie zaj\u0119\u0107 opieku\u0144czo \u2013 wychowawczych i edukacyjnych z poszanowaniem r\u00f3\u017cnorodno\u015bci;<\/p>\n<p>7) przyjmowanie i wydawanie dzieci;<\/p>\n<p>8) prowadzenie ewidencji obecno\u015bci dzieci;<\/p>\n<p>9) przejmowanie obowi\u0105zk\u00f3w zgodnie z wprowadzonym systemem zast\u0119pstw;<\/p>\n<p>10) wsp\u00f3\u0142praca z rodzicami dzieci ucz\u0119szczaj\u0105cych do klubu dzieci\u0119cego, w szczeg\u00f3lno\u015bci przeprowadzenie konsultacji i udzielanie porad rodzicom w zakresie pracy z dzie\u0107mi na temat rozwoju, sprawowania opieki, wychowania i procesu edukacyjnego dzieci;<\/p>\n<p>11) prowadzenie wymaganej dokumentacji;<\/p>\n<p>12) czuwanie nad bezpiecze\u0144stwem dzieci;<\/p>\n<p>13) obserwacja dzieci pod k\u0105tem rozwoju psychomotorycznego i stanu zdrowia dzieci (obserwacja postawy cia\u0142a, wzroku, s\u0142uchu, uz\u0119bienia);<\/p>\n<p>14) udzielanie pierwszej pomocy przedmedycznej;<\/p>\n<p>15) wykonywanie innych polece\u0144 s\u0142u\u017cbowych zleconych przez Kierownika Klubu Dzieci\u0119cego lub osob\u0119 pe\u0142ni\u0105c\u0105 zast\u0119pstwo.<\/p>\n<ol start=\"5\">\n<li><strong><b> Wymagane dokumenty:<\/b><\/strong><\/li>\n<\/ol>\n<p>1) CV z opisem dotychczasowej pracy zawodowej,<\/p>\n<p>2) kopie dokument\u00f3w potwierdzaj\u0105cych posiadane wykszta\u0142cenie oraz kwalifikacje (np. dyplomy, certyfikaty, \u015bwiadectwa, rekomendacje), potwierdzone za zgodno\u015b\u0107 z orygina\u0142em przez kandydata,<\/p>\n<p>3) kopie dokument\u00f3w potwierdzaj\u0105cych wymagany sta\u017c pracy (np. \u015bwiadectwa pracy, za\u015bwiadczenie<br \/>\nz zak\u0142adu pracy) potwierdzona za zgodno\u015b\u0107 z orygina\u0142em przez kandydata,<\/p>\n<p>4) posiadane referencje,<\/p>\n<p>5) o\u015bwiadczenie o pe\u0142nej zdolno\u015bci do czynno\u015bci prawnych oraz korzystaniu z pe\u0142ni praw publicznych,<\/p>\n<p>6) o\u015bwiadczenie o niekaralno\u015bci za przest\u0119pstwa pope\u0142nione umy\u015blnie,<\/p>\n<p>7) o\u015bwiadczenie o posiadaniu obywatelstwa polskiego,<\/p>\n<p>8) o\u015bwiadczenie o wyra\u017ceniu zgody na przetwarzanie danych osobowych zawartych w ofercie dla potrzeb niezb\u0119dnych do realizacji naboru oraz o zapoznaniu si\u0119 z klauzula informacyjn\u0105 o przetwarzaniu danych osobowych<\/p>\n<ol start=\"6\">\n<li><strong><b> Inne informacje dla kandydat\u00f3w:<\/b><\/strong><\/li>\n<\/ol>\n<p>1) Wymagane dokumenty nale\u017cy z\u0142o\u017cy\u0107 w zaklejonej kopercie z dopiskiem \u201eNab\u00f3r na wolne stanowisko opiekuna\/opiekunki dzieci\u0119cej w Klubie Dzieci\u0119cym w Kosowie Lackim\u201d w formie pisemnej w Sekretariacie Gminnego Przedszkola i Klubu Dzieci\u0119cego w Kosowie Lackim, ul. Polna 1, 08-330 Kos\u00f3w Lacki lub przes\u0142a\u0107 na adres Gminne Przedszkole\/Klub Dzieci\u0119cy w Kosowie Lackim ul. Polna 1, 08-330 Kos\u00f3w Lacki <strong><b>do dnia 10.06.2024r. <\/b><\/strong>do <strong><b>godziny 16.00<\/b><\/strong>.<\/p>\n<p>Wymagane dokumenty aplikacyjne: szczeg\u00f3\u0142owe CV (z uwzgl\u0119dnieniem dok\u0142adnego przebiegu kariery zawodowej), powinny by\u0107 opatrzone klauzul\u0105:<\/p>\n<p><em><i>\u201eWyra\u017cam zgod\u0119 na przetwarzanie moich danych osobowych dla potrzeb niezb\u0119dnych do realizacji procesu rekrutacji (zgodnie z ustaw\u0105 z dnia 10 maja 2018 roku o ochronie danych osobowych (Dz. U. z 2018, poz. 1000) oraz zgodnie z Rozporz\u0105dzeniem Parlamentu Europejskiego i Rady (UE) 2016\/679 z dnia 27 kwietnia 2016 r. w sprawie ochrony os\u00f3b fizycznych w zwi\u0105zku z przetwarzaniem danych osobowych i w sprawie swobodnego przep\u0142ywu takich danych oraz uchylenia dyrektywy 95\/46\/WE (RODO)\u201d<\/i><\/em>.<\/p>\n<p>2) Nie ma mo\u017cliwo\u015bci przyjmowania dokument\u00f3w aplikacyjnych drog\u0105 elektroniczn\u0105.<\/p>\n<p>3) Aplikacje, kt\u00f3re wp\u0142yn\u0105 \u00a0po wy\u017cej okre\u015blonym terminie nie b\u0119d\u0105 rozpatrywane.<\/p>\n<p>4) Z wybranymi kandydatami\/kami zostanie przeprowadzona rozmowa kwalifikacyjna. O miejscu<br \/>\ni terminie rozmowy kwalifikacyjnej osoby te zostan\u0105 poinformowane telefonicznie.<\/p>\n<p>5) Przewidywany wymiar czasu pracy na stanowisku: 1 etat. Umowa na czas okre\u015blony.<\/p>\n<p>6) Przewidywany termin rozpocz\u0119cia pracy na stanowisku: 01.08.2024 \u2013 umowa o prac\u0119.<\/p>\n<p>Klauzula informacyjna dotycz\u0105ca przetwarzania danych osobowych<\/p>\n<p>Zgodnie z art. 13 ust. 1 i 2 Rozporz\u0105dzenia Parlamentu Europejskiego i Rady (UE) 2016679 z dnia 27 kwietnia 2016 r. w sprawie ochrony os\u00f3b fizycznych w zwi\u0105zku z przetwarzaniem danych osobowych i w sprawie swobodnego przep\u0142ywu takich danych oraz uchylenia dyrektywy 95\/46\/WE (Dz. Urz. UE. L119 z 2016 r. Nr 119 s. 1), zwany ,,RODO\u201d, informuj\u0119, \u00a0\u017ce administratorem Pa\u0144stwa danych osobowych jest Kierownik Klubu Dzieci\u0119cego \u00a0w Kosowie Lackim, ul. Polna 1, 08-330 Kos\u00f3w Lacki. Wyznaczony zosta\u0142 inspektor ochrony danych, z kt\u00f3rym mo\u017cecie Pa\u0144stwo kontaktowa\u0107 si\u0119 we wszystkich sprawach dotycz\u0105cych przetwarzania danych osobowych, kt\u00f3ry \u00a0jest dost\u0119pny pod adresem e-mail: <a href=\"mailto:inspektor.rodo@naticom.pl\"><u>inspektor.rodo@naticom.pl<\/u><\/a>. Pa\u0144stwa dane osobowe przetwarzane b\u0119d\u0105 w celu realizacji i dokumentacji procedury naboru na wolne stanowisko pracy opiekunki\/opiekuna dzieci\u0119cego, a w przypadku zatrudnienia w celu realizacji umowy o prac\u0119 na podstawie art. 6 ust. 1 lit. a, b, c oraz art. 9 ust. 2 lit. b, g, h rozporz\u0105dzenia Parlamentu Europejskiego i Rady (UE) 2016\/679 z dnia 27 kwietnia 2016 r. w sprawie ochrony os\u00f3b fizycznych w zwi\u0105zku z przetwarzaniem danych osobowych i w sprawie swobodnego przep\u0142ywu takich danych oraz uchylenia dyrektywy 95\/46\/WE (og\u00f3lne rozporz\u0105dzenie o ochronie danych) (Dz. Urz. UE L 119 z\u00a004.05.2016, str. 1), Kodeksu pracy, ustawy z dnia 21 listopada 2008 r. o pracownikach samorz\u0105dowych. Pa\u0144stwa dane osobowe b\u0119d\u0105 przechowywane przez czas trwania rekrutacji, a po jej zako\u0144czeniu przez okres ustalony przepisami wewn\u0119trznymi. Posiadaj\u0105 Pa\u0144stwo prawo dost\u0119pu do tre\u015bci swoich danych osobowych, prawo ich sprostowania, usuni\u0119cia, ograniczenia przetwarzania oraz prawo wniesienia sprzeciwu, a w zakresie, w jakim by\u0142a udzielona zgoda \u2013 prawo do usuni\u0119cia danych oraz prawo do jej cofni\u0119cia w dowolnym momencie bez wp\u0142ywu na zgodno\u015b\u0107 z prawem przetwarzania, kt\u00f3rego dokonano na podstawie zgody przed jej cofni\u0119ciem. Maj\u0105 Pa\u0144stwo prawo wniesienia skargi do Prezesa Urz\u0119du Ochrony Danych Osobowych, gdy uznaj\u0105 Pa\u0144stwo, i\u017c przetwarzanie danych osobowych, kt\u00f3re Pa\u0144stwa dotycz\u0105 narusza przepisy dotycz\u0105ce ochrony danych osobowych. Podanie przez Pa\u0144stwa danych osobowych jest dobrowolne, ale niezb\u0119dne do \u00a0wzi\u0119cia udzia\u0142u w procedurze naboru.<\/p>\n<p style=\"text-align: center;\">\n<p style=\"text-align: right;\"><strong><b>Kierownik Klubu Dzieci\u0119cego <\/b><\/strong><\/p>\n<p style=\"text-align: right;\"><strong><b>El\u017cbieta Pietrzykowska <\/b><\/strong><\/p>\n<p>&nbsp;<\/p>\n<p>&nbsp;<\/p>\n","protected":false},"excerpt":{"rendered":"<p>&nbsp; Kierownik Klubu Dzieci\u0119cego w Kosowie Lackim og\u0142asza nab\u00f3r na wolne stanowisko pracy opiekunki\/opiekuna dzieci\u0119cego (1 etat) w Klubie Dzieci\u0119cym w Kosowie Lackim Nazwa i adres jednostki: Klub Dzieci\u0119cy w Kosowie Lackim, ul. Polna 1, 08-330 Kos\u00f3w Lacki. Wymagania niezb\u0119dne: 1) obywatelstwo polskie lub inne zgodnie z art. 11 ust.2 i 3 ustawy o pracownikach&hellip; <br \/> <a class=\"read-more\" href=\"http:\/\/przedszkole.kosowlacki.pl\/wordpress\/nabor-na-wolne-stanowisko-pracy\/\">Read more<\/a><\/p>\n","protected":false},"author":6,"featured_media":0,"comment_status":"open","ping_status":"open","sticky":false,"template":"","format":"standard","meta":[],"categories":[14],"tags":[],"_links":{"self":[{"href":"http:\/\/przedszkole.kosowlacki.pl\/wordpress\/wp-json\/wp\/v2\/posts\/17390"}],"collection":[{"href":"http:\/\/przedszkole.kosowlacki.pl\/wordpress\/wp-json\/wp\/v2\/posts"}],"about":[{"href":"http:\/\/przedszkole.kosowlacki.pl\/wordpress\/wp-json\/wp\/v2\/types\/post"}],"author":[{"embeddable":true,"href":"http:\/\/przedszkole.kosowlacki.pl\/wordpress\/wp-json\/wp\/v2\/users\/6"}],"replies":[{"embeddable":true,"href":"http:\/\/przedszkole.kosowlacki.pl\/wordpress\/wp-json\/wp\/v2\/comments?post=17390"}],"version-history":[{"count":4,"href":"http:\/\/przedszkole.kosowlacki.pl\/wordpress\/wp-json\/wp\/v2\/posts\/17390\/revisions"}],"predecessor-version":[{"id":17398,"href":"http:\/\/przedszkole.kosowlacki.pl\/wordpress\/wp-json\/wp\/v2\/posts\/17390\/revisions\/17398"}],"wp:attachment":[{"href":"http:\/\/przedszkole.kosowlacki.pl\/wordpress\/wp-json\/wp\/v2\/media?parent=17390"}],"wp:term":[{"taxonomy":"category","embeddable":true,"href":"http:\/\/przedszkole.kosowlacki.pl\/wordpress\/wp-json\/wp\/v2\/categories?post=17390"},{"taxonomy":"post_tag","embeddable":true,"href":"http:\/\/przedszkole.kosowlacki.pl\/wordpress\/wp-json\/wp\/v2\/tags?post=17390"}],"curies":[{"name":"wp","href":"https:\/\/api.w.org\/{rel}","templated":true}]}}