{"id":17259,"date":"2024-05-17T15:04:31","date_gmt":"2024-05-17T13:04:31","guid":{"rendered":"http:\/\/przedszkole.kosowlacki.pl\/wordpress\/?p=17259"},"modified":"2024-05-17T15:04:31","modified_gmt":"2024-05-17T13:04:31","slug":"mieszkancy-dzungli-zajecia-otwarte-dla-rodzicow-w-grupie-motylki","status":"publish","type":"post","link":"http:\/\/przedszkole.kosowlacki.pl\/wordpress\/mieszkancy-dzungli-zajecia-otwarte-dla-rodzicow-w-grupie-motylki\/","title":{"rendered":"\u201eMieszka\u0144cy d\u017cungli\u201d -zaj\u0119cia otwarte dla rodzic\u00f3w w grupie \u201e Motylki\u201d"},"content":{"rendered":"<p style=\"text-align: center;\">Dzieci z grupy \u201e Motylki\u201d 14 maja 2024 r. zaprezentowa\u0142y\u00a0 swoje kompetencje matematyczne przed rodzicami.\u00a0 Zaj\u0119cia mia\u0142y na celu rozwijanie i doskonalenie wiadomo\u015bci i umiej\u0119tno\u015bci: dodawania i odejmowania na konkretach, rozwi\u0105zywania zada\u0144 tekstowych oraz pos\u0142ugiwania si\u0119 liczebnikami porz\u0105dkowymi.<\/p>\n<p style=\"text-align: center;\">Dzieci wraz z rodzicami z ogromnym zaanga\u017cowaniem\u00a0 uczestniczy\u0142y w proponowanych formach dzia\u0142alno\u015bci np.: taniec \u201eWesolutkim krokiem\u201d z wykorzystaniem gumy sensorycznej, masa\u017cyk, rysowanie lwa itp., daj\u0105c wyraz swojemu zainteresowaniu i zaanga\u017cowaniu w dzia\u0142anie.<\/p>\n<p style=\"text-align: center;\">Dzi\u0119kuj\u0119 rodzicom i dzieciom za aktywny udzia\u0142 w zaj\u0119ciach i \u00a0\u017cycz\u0119 sukces\u00f3w w dalszej edukacji.<\/p>\n<p style=\"text-align: right;\">E. Ciesielska<\/p>\n<p>&nbsp;<\/p>\n","protected":false},"excerpt":{"rendered":"<p>Dzieci z grupy \u201e Motylki\u201d 14 maja 2024 r. zaprezentowa\u0142y\u00a0 swoje kompetencje matematyczne przed rodzicami.\u00a0 Zaj\u0119cia mia\u0142y na celu rozwijanie i doskonalenie wiadomo\u015bci i umiej\u0119tno\u015bci: dodawania i odejmowania na konkretach, rozwi\u0105zywania zada\u0144 tekstowych oraz pos\u0142ugiwania si\u0119 liczebnikami porz\u0105dkowymi. Dzieci wraz z rodzicami z ogromnym zaanga\u017cowaniem\u00a0 uczestniczy\u0142y w proponowanych formach dzia\u0142alno\u015bci np.: taniec \u201eWesolutkim krokiem\u201d z&hellip; <br \/> <a class=\"read-more\" href=\"http:\/\/przedszkole.kosowlacki.pl\/wordpress\/mieszkancy-dzungli-zajecia-otwarte-dla-rodzicow-w-grupie-motylki\/\">Read more<\/a><\/p>\n","protected":false},"author":8,"featured_media":0,"comment_status":"open","ping_status":"open","sticky":false,"template":"","format":"standard","meta":[],"categories":[10],"tags":[],"_links":{"self":[{"href":"http:\/\/przedszkole.kosowlacki.pl\/wordpress\/wp-json\/wp\/v2\/posts\/17259"}],"collection":[{"href":"http:\/\/przedszkole.kosowlacki.pl\/wordpress\/wp-json\/wp\/v2\/posts"}],"about":[{"href":"http:\/\/przedszkole.kosowlacki.pl\/wordpress\/wp-json\/wp\/v2\/types\/post"}],"author":[{"embeddable":true,"href":"http:\/\/przedszkole.kosowlacki.pl\/wordpress\/wp-json\/wp\/v2\/users\/8"}],"replies":[{"embeddable":true,"href":"http:\/\/przedszkole.kosowlacki.pl\/wordpress\/wp-json\/wp\/v2\/comments?post=17259"}],"version-history":[{"count":1,"href":"http:\/\/przedszkole.kosowlacki.pl\/wordpress\/wp-json\/wp\/v2\/posts\/17259\/revisions"}],"predecessor-version":[{"id":17260,"href":"http:\/\/przedszkole.kosowlacki.pl\/wordpress\/wp-json\/wp\/v2\/posts\/17259\/revisions\/17260"}],"wp:attachment":[{"href":"http:\/\/przedszkole.kosowlacki.pl\/wordpress\/wp-json\/wp\/v2\/media?parent=17259"}],"wp:term":[{"taxonomy":"category","embeddable":true,"href":"http:\/\/przedszkole.kosowlacki.pl\/wordpress\/wp-json\/wp\/v2\/categories?post=17259"},{"taxonomy":"post_tag","embeddable":true,"href":"http:\/\/przedszkole.kosowlacki.pl\/wordpress\/wp-json\/wp\/v2\/tags?post=17259"}],"curies":[{"name":"wp","href":"https:\/\/api.w.org\/{rel}","templated":true}]}}