{"id":17226,"date":"2024-05-14T14:29:45","date_gmt":"2024-05-14T12:29:45","guid":{"rendered":"http:\/\/przedszkole.kosowlacki.pl\/wordpress\/?p=17226"},"modified":"2024-05-14T14:29:45","modified_gmt":"2024-05-14T12:29:45","slug":"wycieczka-do-siedlec","status":"publish","type":"post","link":"http:\/\/przedszkole.kosowlacki.pl\/wordpress\/wycieczka-do-siedlec\/","title":{"rendered":"WYCIECZKA DO SIEDLEC"},"content":{"rendered":"<p style=\"text-align: center;\"><strong>10 maja 2024 r. dzieci z naszego przedszkola wybra\u0142y si\u0119 na wycieczk\u0119 autokarow\u0105 do Siedlec.<\/strong><\/p>\n<p style=\"text-align: center;\">\u00a0Odwiedzi\u0142y plac zabaw <strong>\u201e M\u0142ynek\u201d<\/strong>, kt\u00f3ry okaza\u0142 si\u0119 super atrakcj\u0105 dla dzieci.<\/p>\n<p style=\"text-align: center;\">Przedszkolaki obejrza\u0142y w kinie najnowsz\u0105 wersj\u0119 \u00a0bajki pt. <strong>\u201eKicia Kocia w przedszkolu<\/strong>\u201d,<\/p>\n<p style=\"text-align: center;\">gdzie uwielbian\u0105 kotk\u0119 oraz jej przyjaci\u00f3\u0142 \u2013 Packa, Adelk\u0119 i Julianka \u2013 czeka\u0142y nowe perypetie. Tym razem sp\u0119dzili\u015bmy z nimi dzie\u0144 w przedszkolu. Zobaczyli\u015bmy, jak poznaj\u0105 nowych koleg\u00f3w na placu zabaw, przypomnieli\u015bmy sobie zasady bezpiecze\u0144stwa podczas burzy. Kicia Kocia pokaza\u0142a tak\u017ce, jak uczy si\u0119 je\u017adzi\u0107 na rowerze, pomaga\u0142a r\u00f3wnie\u017c dziadkowi zbudowa\u0107 szafk\u0119 dla babci. Na Kici\u0119 Koci\u0119 zawsze mo\u017cna liczy\u0107!<\/p>\n<p style=\"text-align: center;\">Nasze przedszkolaki wykaza\u0142y si\u0119 du\u017c\u0105 dojrza\u0142o\u015bci\u0105. Wycieczka przebieg\u0142a przyjemnie i\u00a0 sprawnie. Czekamy na kolejn\u0105.<\/p>\n<p style=\"text-align: right;\">Ewa Ciesielska<\/p>\n<p>&nbsp;<\/p>\n","protected":false},"excerpt":{"rendered":"<p>10 maja 2024 r. dzieci z naszego przedszkola wybra\u0142y si\u0119 na wycieczk\u0119 autokarow\u0105 do Siedlec. \u00a0Odwiedzi\u0142y plac zabaw \u201e M\u0142ynek\u201d, kt\u00f3ry okaza\u0142 si\u0119 super atrakcj\u0105 dla dzieci. Przedszkolaki obejrza\u0142y w kinie najnowsz\u0105 wersj\u0119 \u00a0bajki pt. \u201eKicia Kocia w przedszkolu\u201d, gdzie uwielbian\u0105 kotk\u0119 oraz jej przyjaci\u00f3\u0142 \u2013 Packa, Adelk\u0119 i Julianka \u2013 czeka\u0142y nowe perypetie. Tym&hellip; <br \/> <a class=\"read-more\" href=\"http:\/\/przedszkole.kosowlacki.pl\/wordpress\/wycieczka-do-siedlec\/\">Read more<\/a><\/p>\n","protected":false},"author":8,"featured_media":0,"comment_status":"open","ping_status":"open","sticky":false,"template":"","format":"standard","meta":[],"categories":[10],"tags":[],"_links":{"self":[{"href":"http:\/\/przedszkole.kosowlacki.pl\/wordpress\/wp-json\/wp\/v2\/posts\/17226"}],"collection":[{"href":"http:\/\/przedszkole.kosowlacki.pl\/wordpress\/wp-json\/wp\/v2\/posts"}],"about":[{"href":"http:\/\/przedszkole.kosowlacki.pl\/wordpress\/wp-json\/wp\/v2\/types\/post"}],"author":[{"embeddable":true,"href":"http:\/\/przedszkole.kosowlacki.pl\/wordpress\/wp-json\/wp\/v2\/users\/8"}],"replies":[{"embeddable":true,"href":"http:\/\/przedszkole.kosowlacki.pl\/wordpress\/wp-json\/wp\/v2\/comments?post=17226"}],"version-history":[{"count":1,"href":"http:\/\/przedszkole.kosowlacki.pl\/wordpress\/wp-json\/wp\/v2\/posts\/17226\/revisions"}],"predecessor-version":[{"id":17227,"href":"http:\/\/przedszkole.kosowlacki.pl\/wordpress\/wp-json\/wp\/v2\/posts\/17226\/revisions\/17227"}],"wp:attachment":[{"href":"http:\/\/przedszkole.kosowlacki.pl\/wordpress\/wp-json\/wp\/v2\/media?parent=17226"}],"wp:term":[{"taxonomy":"category","embeddable":true,"href":"http:\/\/przedszkole.kosowlacki.pl\/wordpress\/wp-json\/wp\/v2\/categories?post=17226"},{"taxonomy":"post_tag","embeddable":true,"href":"http:\/\/przedszkole.kosowlacki.pl\/wordpress\/wp-json\/wp\/v2\/tags?post=17226"}],"curies":[{"name":"wp","href":"https:\/\/api.w.org\/{rel}","templated":true}]}}