{"id":17042,"date":"2024-04-29T19:39:49","date_gmt":"2024-04-29T17:39:49","guid":{"rendered":"http:\/\/przedszkole.kosowlacki.pl\/wordpress\/?p=17042"},"modified":"2024-04-29T19:39:49","modified_gmt":"2024-04-29T17:39:49","slug":"dzien-ksiazki","status":"publish","type":"post","link":"http:\/\/przedszkole.kosowlacki.pl\/wordpress\/dzien-ksiazki\/","title":{"rendered":"Dzie\u0144 Ksi\u0105\u017cki"},"content":{"rendered":"<p style=\"text-align: center;\"><strong><em>Jest odwa\u017cny i weso\u0142y<\/em><\/strong><\/p>\n<p style=\"text-align: center;\"><strong><em>Wci\u0105\u017c pomys\u0142y nowe ma<\/em><\/strong><\/p>\n<p style=\"text-align: center;\"><strong><em>I zapisa\u0142 si\u0119 do szko\u0142y.<\/em><\/strong><\/p>\n<p style=\"text-align: center;\"><strong><em>Cho\u0107 literki wszystkie zna!<\/em><\/strong><\/p>\n<p style=\"text-align: center;\">\n<p style=\"text-align: center;\"><strong><em>Chce si\u0119 uczy\u0107 jak najwi\u0119cej<\/em><\/strong><\/p>\n<p style=\"text-align: center;\"><strong><em>By si\u0119 M\u0105drym Kotem sta\u0107.<\/em><\/strong><\/p>\n<p style=\"text-align: center;\"><strong><em>\u017beby wszystkie ma\u0142e koty<\/em><\/strong><\/p>\n<p style=\"text-align: center;\"><strong><em>Mog\u0142y z niego przyk\u0142ad bra\u0107!<\/em><\/strong><\/p>\n<p style=\"text-align: center;\"><em>Hanna Raty\u0144ska<\/em><\/p>\n<p style=\"text-align: center;\">\n<p style=\"text-align: center;\">&#8221;Czytanie ksi\u0105\u017cek to najpi\u0119kniejsza zabawa, jak\u0105 sobie ludzko\u015b\u0107 wymy\u015bli\u0142a&#8221;-tak pisa\u0142a Wis\u0142awa Szymborska. Pod\u0105\u017caj\u0105c za tymi s\u0142owami dnia 29 kwietnia obchodzili\u015bmy <strong>Dzie\u0144 Ksi\u0105\u017cki<\/strong>. Z tej okazji w naszym Przedszkolu mia\u0142o miejsce wyj\u0105tkowe spotkanie, odwiedzi\u0142a nas Pani Hanna Raty\u0144ska-lokalna pisarka, autorka wierszy dla dzieci. Podczas niego Pani Hania przybli\u017cy\u0142a ma\u0142ym czytelnikom swoj\u0105 tw\u00f3rczo\u015b\u0107, w ciekawy i pomys\u0142owy spos\u00f3b przedstawi\u0142a dzieciom, sk\u0105d czerpie inspiracje do swoich utwor\u00f3w.\u00a0 Przedszkolaki s\u0142ucha\u0142y z zaciekawieniem i z zaanga\u017cowaniem wsp\u00f3\u0142pracowa\u0142y z zaproszonym Go\u015bciem. Spotkanie przebieg\u0142o w mi\u0142ej i przyjaznej atmosferze.<\/p>\n<p style=\"text-align: center;\"><strong>Serdecznie dzi\u0119kujemy Pani Hannie Raty\u0144skiej za przyj\u0119cia zaproszenia i zaszczepienie w dzieciach pasji do czytania.<\/strong><\/p>\n<p style=\"text-align: center;\">\n<p style=\"text-align: right;\">\u00a0\u00a0\u00a0\u00a0\u00a0\u00a0\u00a0\u00a0\u00a0\u00a0\u00a0\u00a0\u00a0\u00a0\u00a0\u00a0\u00a0\u00a0\u00a0\u00a0\u00a0\u00a0\u00a0\u00a0\u00a0\u00a0\u00a0\u00a0\u00a0\u00a0\u00a0\u00a0\u00a0\u00a0\u00a0\u00a0\u00a0\u00a0\u00a0\u00a0\u00a0\u00a0\u00a0\u00a0\u00a0\u00a0\u00a0\u00a0\u00a0\u00a0\u00a0\u00a0\u00a0\u00a0\u00a0\u00a0\u00a0\u00a0\u00a0\u00a0\u00a0\u00a0\u00a0\u00a0\u00a0\u00a0\u00a0\u00a0\u00a0\u00a0\u00a0\u00a0\u00a0\u00a0\u00a0\u00a0\u00a0\u00a0\u00a0\u00a0\u00a0\u00a0\u00a0\u00a0\u00a0\u00a0\u00a0\u00a0\u00a0\u00a0\u00a0\u00a0\u00a0 Katarzyna Mlonek<\/p>\n","protected":false},"excerpt":{"rendered":"<p>Jest odwa\u017cny i weso\u0142y Wci\u0105\u017c pomys\u0142y nowe ma I zapisa\u0142 si\u0119 do szko\u0142y. Cho\u0107 literki wszystkie zna! Chce si\u0119 uczy\u0107 jak najwi\u0119cej By si\u0119 M\u0105drym Kotem sta\u0107. \u017beby wszystkie ma\u0142e koty Mog\u0142y z niego przyk\u0142ad bra\u0107! Hanna Raty\u0144ska &#8221;Czytanie ksi\u0105\u017cek to najpi\u0119kniejsza zabawa, jak\u0105 sobie ludzko\u015b\u0107 wymy\u015bli\u0142a&#8221;-tak pisa\u0142a Wis\u0142awa Szymborska. Pod\u0105\u017caj\u0105c za tymi s\u0142owami dnia&hellip; <br \/> <a class=\"read-more\" href=\"http:\/\/przedszkole.kosowlacki.pl\/wordpress\/dzien-ksiazki\/\">Read more<\/a><\/p>\n","protected":false},"author":8,"featured_media":0,"comment_status":"open","ping_status":"open","sticky":false,"template":"","format":"standard","meta":[],"categories":[10],"tags":[],"_links":{"self":[{"href":"http:\/\/przedszkole.kosowlacki.pl\/wordpress\/wp-json\/wp\/v2\/posts\/17042"}],"collection":[{"href":"http:\/\/przedszkole.kosowlacki.pl\/wordpress\/wp-json\/wp\/v2\/posts"}],"about":[{"href":"http:\/\/przedszkole.kosowlacki.pl\/wordpress\/wp-json\/wp\/v2\/types\/post"}],"author":[{"embeddable":true,"href":"http:\/\/przedszkole.kosowlacki.pl\/wordpress\/wp-json\/wp\/v2\/users\/8"}],"replies":[{"embeddable":true,"href":"http:\/\/przedszkole.kosowlacki.pl\/wordpress\/wp-json\/wp\/v2\/comments?post=17042"}],"version-history":[{"count":1,"href":"http:\/\/przedszkole.kosowlacki.pl\/wordpress\/wp-json\/wp\/v2\/posts\/17042\/revisions"}],"predecessor-version":[{"id":17043,"href":"http:\/\/przedszkole.kosowlacki.pl\/wordpress\/wp-json\/wp\/v2\/posts\/17042\/revisions\/17043"}],"wp:attachment":[{"href":"http:\/\/przedszkole.kosowlacki.pl\/wordpress\/wp-json\/wp\/v2\/media?parent=17042"}],"wp:term":[{"taxonomy":"category","embeddable":true,"href":"http:\/\/przedszkole.kosowlacki.pl\/wordpress\/wp-json\/wp\/v2\/categories?post=17042"},{"taxonomy":"post_tag","embeddable":true,"href":"http:\/\/przedszkole.kosowlacki.pl\/wordpress\/wp-json\/wp\/v2\/tags?post=17042"}],"curies":[{"name":"wp","href":"https:\/\/api.w.org\/{rel}","templated":true}]}}