{"id":16891,"date":"2024-04-18T08:59:10","date_gmt":"2024-04-18T06:59:10","guid":{"rendered":"http:\/\/przedszkole.kosowlacki.pl\/wordpress\/?p=16891"},"modified":"2024-04-18T09:00:30","modified_gmt":"2024-04-18T07:00:30","slug":"kubusiowi-przyjaciele-natury","status":"publish","type":"post","link":"http:\/\/przedszkole.kosowlacki.pl\/wordpress\/kubusiowi-przyjaciele-natury\/","title":{"rendered":"KUBUSIOWI PRZYJACIELE NATURY"},"content":{"rendered":"<p style=\"text-align: center;\">W roku szkolnym 2023\/24 nasze przedszkole uczestniczy\u0142o w og\u00f3lnopolskim programie edukacyjnym ,,Kubusiowi Przyjaciele Natury.\u201d W ramach tego programu odbywa\u0142y si\u0119 zaj\u0119cia, dzi\u0119ki kt\u00f3rym dzieci wprowadzone zosta\u0142y w \u015bwiat przyrody. Poszerzyli\u015bmy wiadomo\u015bci o otaczaj\u0105cym nas \u015bwiecie, przyrodzie . Poznali\u015bmy odnawialne \u017ar\u00f3d\u0142a energii oraz czynniki wp\u0142ywaj\u0105ce na zdrowie \u2013 w tym zasady prawid\u0142owego od\u017cywiania i aktywno\u015bci fizycznej. Wiemy jak wa\u017cny jest szacunek do otaczaj\u0105cej nas przyrody , a nieodzownym elementem jego s\u0105 proekologiczne zachowania. Nasze zaj\u0119cia uatrakcyjnia\u0142y bogate materia\u0142y edukacyjne, w tym audiobooki oraz filmy , kt\u00f3re przedszkolaki otrzyma\u0142y od \u201cKubusia\u201d. Po zako\u0144czeniu programu nasze przedszkole otrzyma\u0142o certyfikat \u201cKubusiowi Przyjaciele Natury\u201d.<\/p>\n<p style=\"text-align: right;\">\u00a0 \u00a0 \u00a0 \u00a0 \u00a0 \u00a0 \u00a0 \u00a0 \u00a0 \u00a0 \u00a0 \u00a0 \u00a0 \u00a0 \u00a0 \u00a0 \u00a0 \u00a0 \u00a0 \u00a0 \u00a0 \u00a0 \u00a0 \u00a0 \u00a0 \u00a0 \u00a0 \u00a0 \u00a0 \u00a0 \u00a0 \u00a0 \u00a0 \u00a0 E. Adamczuk<\/p>\n<p>&nbsp;<\/p>\n<p style=\"text-align: center;\"><a href=\"http:\/\/przedszkole.kosowlacki.pl\/wordpress\/wp-content\/uploads\/2024\/04\/e068d08b-ae32-4eb2-9254-fb7dac5d2d1e.jpg\"><img loading=\"lazy\" class=\"alignnone wp-image-16892\" src=\"http:\/\/przedszkole.kosowlacki.pl\/wordpress\/wp-content\/uploads\/2024\/04\/e068d08b-ae32-4eb2-9254-fb7dac5d2d1e-150x150.jpg\" alt=\"\" width=\"174\" height=\"245\" srcset=\"http:\/\/przedszkole.kosowlacki.pl\/wordpress\/wp-content\/uploads\/2024\/04\/e068d08b-ae32-4eb2-9254-fb7dac5d2d1e-213x300.jpg 213w, http:\/\/przedszkole.kosowlacki.pl\/wordpress\/wp-content\/uploads\/2024\/04\/e068d08b-ae32-4eb2-9254-fb7dac5d2d1e-726x1024.jpg 726w, http:\/\/przedszkole.kosowlacki.pl\/wordpress\/wp-content\/uploads\/2024\/04\/e068d08b-ae32-4eb2-9254-fb7dac5d2d1e-768x1083.jpg 768w, http:\/\/przedszkole.kosowlacki.pl\/wordpress\/wp-content\/uploads\/2024\/04\/e068d08b-ae32-4eb2-9254-fb7dac5d2d1e-766x1080.jpg 766w, http:\/\/przedszkole.kosowlacki.pl\/wordpress\/wp-content\/uploads\/2024\/04\/e068d08b-ae32-4eb2-9254-fb7dac5d2d1e.jpg 1008w\" sizes=\"(max-width: 174px) 100vw, 174px\" \/><\/a><\/p>\n<p style=\"text-align: center;\">\n","protected":false},"excerpt":{"rendered":"<p>W roku szkolnym 2023\/24 nasze przedszkole uczestniczy\u0142o w og\u00f3lnopolskim programie edukacyjnym ,,Kubusiowi Przyjaciele Natury.\u201d W ramach tego programu odbywa\u0142y si\u0119 zaj\u0119cia, dzi\u0119ki kt\u00f3rym dzieci wprowadzone zosta\u0142y w \u015bwiat przyrody. Poszerzyli\u015bmy wiadomo\u015bci o otaczaj\u0105cym nas \u015bwiecie, przyrodzie . Poznali\u015bmy odnawialne \u017ar\u00f3d\u0142a energii oraz czynniki wp\u0142ywaj\u0105ce na zdrowie \u2013 w tym zasady prawid\u0142owego od\u017cywiania i aktywno\u015bci fizycznej.&hellip; <br \/> <a class=\"read-more\" href=\"http:\/\/przedszkole.kosowlacki.pl\/wordpress\/kubusiowi-przyjaciele-natury\/\">Read more<\/a><\/p>\n","protected":false},"author":9,"featured_media":0,"comment_status":"open","ping_status":"open","sticky":false,"template":"","format":"standard","meta":[],"categories":[10],"tags":[],"_links":{"self":[{"href":"http:\/\/przedszkole.kosowlacki.pl\/wordpress\/wp-json\/wp\/v2\/posts\/16891"}],"collection":[{"href":"http:\/\/przedszkole.kosowlacki.pl\/wordpress\/wp-json\/wp\/v2\/posts"}],"about":[{"href":"http:\/\/przedszkole.kosowlacki.pl\/wordpress\/wp-json\/wp\/v2\/types\/post"}],"author":[{"embeddable":true,"href":"http:\/\/przedszkole.kosowlacki.pl\/wordpress\/wp-json\/wp\/v2\/users\/9"}],"replies":[{"embeddable":true,"href":"http:\/\/przedszkole.kosowlacki.pl\/wordpress\/wp-json\/wp\/v2\/comments?post=16891"}],"version-history":[{"count":2,"href":"http:\/\/przedszkole.kosowlacki.pl\/wordpress\/wp-json\/wp\/v2\/posts\/16891\/revisions"}],"predecessor-version":[{"id":16895,"href":"http:\/\/przedszkole.kosowlacki.pl\/wordpress\/wp-json\/wp\/v2\/posts\/16891\/revisions\/16895"}],"wp:attachment":[{"href":"http:\/\/przedszkole.kosowlacki.pl\/wordpress\/wp-json\/wp\/v2\/media?parent=16891"}],"wp:term":[{"taxonomy":"category","embeddable":true,"href":"http:\/\/przedszkole.kosowlacki.pl\/wordpress\/wp-json\/wp\/v2\/categories?post=16891"},{"taxonomy":"post_tag","embeddable":true,"href":"http:\/\/przedszkole.kosowlacki.pl\/wordpress\/wp-json\/wp\/v2\/tags?post=16891"}],"curies":[{"name":"wp","href":"https:\/\/api.w.org\/{rel}","templated":true}]}}