{"id":16817,"date":"2024-04-16T19:12:11","date_gmt":"2024-04-16T17:12:11","guid":{"rendered":"http:\/\/przedszkole.kosowlacki.pl\/wordpress\/?p=16817"},"modified":"2024-04-16T19:12:11","modified_gmt":"2024-04-16T17:12:11","slug":"wizyta-stomatologa-w-przedszkolu","status":"publish","type":"post","link":"http:\/\/przedszkole.kosowlacki.pl\/wordpress\/wizyta-stomatologa-w-przedszkolu\/","title":{"rendered":"WIZYTA STOMATOLOGA W PRZEDSZKOLU"},"content":{"rendered":"<p style=\"text-align: center;\">W ramach innowacji pedagogicznej \u201e Zdrow\u0105 buzi\u0119 oraz brzuszek ma ka\u017cdy maluszek\u201d realizowanej w\u00a0 naszym przedszkolu w dniu 16.04.2024 r odwiedzi\u0142y nas panie z gabinetu stomatologicznego w Kosowie Lackim pani Katarzyna Chojnowska i pani Ewa Sowa.<\/p>\n<p style=\"text-align: center;\">\u00a0\u00a0\u00a0\u00a0 W bardzo ciekawy spos\u00f3b zapozna\u0142y przedszkolaki z tematem profilaktyki i higieny jamy ustnej. Przybli\u017cy\u0142y dzieciom na czym polega zaw\u00f3d stomatologa, zmniejszy\u0142y obawy przed wizyt\u0105 w gabinecie stomatologicznym i zach\u0119ci\u0142y dzieci do kontroli z\u0119b\u00f3w. Dzieci dowiedzia\u0142y si\u0119 r\u00f3wnie\u017c w jaki spos\u00f3b i jak\u00a0 prawid\u0142owo czy\u015bci\u0107 z\u0119by, szczeg\u00f3lne zaciekawienie wzbudzi\u0142 w dzieciach model szcz\u0119ki, na kt\u00f3rym panie zaprezentowa\u0142y prawid\u0142owe mycie z\u0119b\u00f3w. Po pokazie, ka\u017cde dziecko mog\u0142o samodzielnie wyszczotkowa\u0107 z\u0119by na eksponacie.<\/p>\n<p style=\"text-align: center;\">\u00a0\u00a0\u00a0 Wyja\u015bni\u0142y r\u00f3wnie\u017c czym jest pr\u00f3chnica i dlaczego psuj\u0105 si\u0119 z\u0119by. Przedszkolaki dowiedzia\u0142y si\u0119, co nale\u017cy je\u015b\u0107, aby z\u0119by by\u0142y zdrowe, a kt\u00f3rych produkt\u00f3w unika\u0107.<\/p>\n<p style=\"text-align: center;\">Wszystkie dzieci z naszego przedszkola z zaciekawieniem s\u0142ucha\u0142y\u00a0 i bra\u0142y aktywny udzia\u0142 w pogadance. Ca\u0142e spotkanie przebieg\u0142o w mi\u0142ej i przyjaznej atmosferze. Mamy nadziej\u0119, \u017ce dzieci od tej pory nie b\u0119d\u0105 czu\u0107 l\u0119ku przed wizyt\u0105 u stomatologa.<\/p>\n<p style=\"text-align: center;\">\u00a0\u00a0 Serdecznie dzi\u0119kujemy paniom za profesjonalne przeprowadzenie zaj\u0119\u0107.<\/p>\n<p>&nbsp;<\/p>\n<p style=\"text-align: right;\">J. Bielarska<\/p>\n","protected":false},"excerpt":{"rendered":"<p>W ramach innowacji pedagogicznej \u201e Zdrow\u0105 buzi\u0119 oraz brzuszek ma ka\u017cdy maluszek\u201d realizowanej w\u00a0 naszym przedszkolu w dniu 16.04.2024 r odwiedzi\u0142y nas panie z gabinetu stomatologicznego w Kosowie Lackim pani Katarzyna Chojnowska i pani Ewa Sowa. \u00a0\u00a0\u00a0\u00a0 W bardzo ciekawy spos\u00f3b zapozna\u0142y przedszkolaki z tematem profilaktyki i higieny jamy ustnej. Przybli\u017cy\u0142y dzieciom na czym polega&hellip; <br \/> <a class=\"read-more\" href=\"http:\/\/przedszkole.kosowlacki.pl\/wordpress\/wizyta-stomatologa-w-przedszkolu\/\">Read more<\/a><\/p>\n","protected":false},"author":9,"featured_media":0,"comment_status":"open","ping_status":"open","sticky":false,"template":"","format":"standard","meta":[],"categories":[10],"tags":[],"_links":{"self":[{"href":"http:\/\/przedszkole.kosowlacki.pl\/wordpress\/wp-json\/wp\/v2\/posts\/16817"}],"collection":[{"href":"http:\/\/przedszkole.kosowlacki.pl\/wordpress\/wp-json\/wp\/v2\/posts"}],"about":[{"href":"http:\/\/przedszkole.kosowlacki.pl\/wordpress\/wp-json\/wp\/v2\/types\/post"}],"author":[{"embeddable":true,"href":"http:\/\/przedszkole.kosowlacki.pl\/wordpress\/wp-json\/wp\/v2\/users\/9"}],"replies":[{"embeddable":true,"href":"http:\/\/przedszkole.kosowlacki.pl\/wordpress\/wp-json\/wp\/v2\/comments?post=16817"}],"version-history":[{"count":2,"href":"http:\/\/przedszkole.kosowlacki.pl\/wordpress\/wp-json\/wp\/v2\/posts\/16817\/revisions"}],"predecessor-version":[{"id":16819,"href":"http:\/\/przedszkole.kosowlacki.pl\/wordpress\/wp-json\/wp\/v2\/posts\/16817\/revisions\/16819"}],"wp:attachment":[{"href":"http:\/\/przedszkole.kosowlacki.pl\/wordpress\/wp-json\/wp\/v2\/media?parent=16817"}],"wp:term":[{"taxonomy":"category","embeddable":true,"href":"http:\/\/przedszkole.kosowlacki.pl\/wordpress\/wp-json\/wp\/v2\/categories?post=16817"},{"taxonomy":"post_tag","embeddable":true,"href":"http:\/\/przedszkole.kosowlacki.pl\/wordpress\/wp-json\/wp\/v2\/tags?post=16817"}],"curies":[{"name":"wp","href":"https:\/\/api.w.org\/{rel}","templated":true}]}}