{"id":16801,"date":"2024-04-15T15:02:36","date_gmt":"2024-04-15T13:02:36","guid":{"rendered":"http:\/\/przedszkole.kosowlacki.pl\/wordpress\/?p=16801"},"modified":"2024-04-15T15:02:36","modified_gmt":"2024-04-15T13:02:36","slug":"kino-w-przedszkolu","status":"publish","type":"post","link":"http:\/\/przedszkole.kosowlacki.pl\/wordpress\/kino-w-przedszkolu\/","title":{"rendered":"Kino w Przedszkolu!"},"content":{"rendered":"<p>15 kwietnia nasze przedszkole odwiedzi\u0142o prawdziwe kino! Wszyscy razem mogli\u015bmy obejrze\u0107 bajk\u0119 &#8222;Wyfruni\u0119ci&#8221;, w kt\u00f3rej rodzina kaczek opuszcza sw\u00f3j staw i udaje si\u0119 w pierwsz\u0105 podr\u00f3\u017c do ciep\u0142ych kraj\u00f3w. Bajka mia\u0142a niezwyk\u0142y humor, dzi\u0119ki czemu co chwile s\u0142ycha\u0107 by\u0142o gromki \u015bmiech naszych przedszkolak\u00f3w. Po zako\u0144czonym seansie wszyscy wracali do swoich sali we wspania\u0142ym humorze i z u\u015bmiechem na twarzy. Bardzo lubimy jak przyje\u017cd\u017ca do nas kino i\u00a0 mo\u017cemy si\u0119 poczu\u0107 w naszym przedszkolu jak na prawdziwym seansie!<\/p>\n<p>&nbsp;<\/p>\n<p>&nbsp;<\/p>\n<p>&nbsp;<\/p>\n<p>&nbsp;<\/p>\n<p style=\"text-align: right;\">A.Ferenc<\/p>\n","protected":false},"excerpt":{"rendered":"<p>15 kwietnia nasze przedszkole odwiedzi\u0142o prawdziwe kino! Wszyscy razem mogli\u015bmy obejrze\u0107 bajk\u0119 &#8222;Wyfruni\u0119ci&#8221;, w kt\u00f3rej rodzina kaczek opuszcza sw\u00f3j staw i udaje si\u0119 w pierwsz\u0105 podr\u00f3\u017c do ciep\u0142ych kraj\u00f3w. Bajka mia\u0142a niezwyk\u0142y humor, dzi\u0119ki czemu co chwile s\u0142ycha\u0107 by\u0142o gromki \u015bmiech naszych przedszkolak\u00f3w. Po zako\u0144czonym seansie wszyscy wracali do swoich sali we wspania\u0142ym humorze i&hellip; <br \/> <a class=\"read-more\" href=\"http:\/\/przedszkole.kosowlacki.pl\/wordpress\/kino-w-przedszkolu\/\">Read more<\/a><\/p>\n","protected":false},"author":8,"featured_media":0,"comment_status":"open","ping_status":"open","sticky":false,"template":"","format":"standard","meta":[],"categories":[10],"tags":[],"_links":{"self":[{"href":"http:\/\/przedszkole.kosowlacki.pl\/wordpress\/wp-json\/wp\/v2\/posts\/16801"}],"collection":[{"href":"http:\/\/przedszkole.kosowlacki.pl\/wordpress\/wp-json\/wp\/v2\/posts"}],"about":[{"href":"http:\/\/przedszkole.kosowlacki.pl\/wordpress\/wp-json\/wp\/v2\/types\/post"}],"author":[{"embeddable":true,"href":"http:\/\/przedszkole.kosowlacki.pl\/wordpress\/wp-json\/wp\/v2\/users\/8"}],"replies":[{"embeddable":true,"href":"http:\/\/przedszkole.kosowlacki.pl\/wordpress\/wp-json\/wp\/v2\/comments?post=16801"}],"version-history":[{"count":1,"href":"http:\/\/przedszkole.kosowlacki.pl\/wordpress\/wp-json\/wp\/v2\/posts\/16801\/revisions"}],"predecessor-version":[{"id":16802,"href":"http:\/\/przedszkole.kosowlacki.pl\/wordpress\/wp-json\/wp\/v2\/posts\/16801\/revisions\/16802"}],"wp:attachment":[{"href":"http:\/\/przedszkole.kosowlacki.pl\/wordpress\/wp-json\/wp\/v2\/media?parent=16801"}],"wp:term":[{"taxonomy":"category","embeddable":true,"href":"http:\/\/przedszkole.kosowlacki.pl\/wordpress\/wp-json\/wp\/v2\/categories?post=16801"},{"taxonomy":"post_tag","embeddable":true,"href":"http:\/\/przedszkole.kosowlacki.pl\/wordpress\/wp-json\/wp\/v2\/tags?post=16801"}],"curies":[{"name":"wp","href":"https:\/\/api.w.org\/{rel}","templated":true}]}}