{"id":16676,"date":"2024-04-09T14:52:54","date_gmt":"2024-04-09T12:52:54","guid":{"rendered":"http:\/\/przedszkole.kosowlacki.pl\/wordpress\/?p=16676"},"modified":"2024-04-09T14:52:54","modified_gmt":"2024-04-09T12:52:54","slug":"sport-to-zdrowie-jestem-zdrowy-jestem-wysportowany","status":"publish","type":"post","link":"http:\/\/przedszkole.kosowlacki.pl\/wordpress\/sport-to-zdrowie-jestem-zdrowy-jestem-wysportowany\/","title":{"rendered":"Sport to zdrowie- jestem zdrowy, jestem wysportowany!!!"},"content":{"rendered":"<p style=\"text-align: center;\">Ka\u017cdy przedszkolak o tym wie:<\/p>\n<p style=\"text-align: center;\">Chcesz by\u0107 zdrowym ruszaj si\u0119!<\/p>\n<p style=\"text-align: center;\">Sport to bardzo wa\u017cna sprawa.<\/p>\n<p style=\"text-align: center;\">S\u0105 regu\u0142y, jest zabawa.<\/p>\n<p style=\"text-align: center;\">\n<p style=\"text-align: center;\">\n<p style=\"text-align: center;\">8 kwietnia obchodzili\u015bmy w przedszkolu Dzie\u0144 Sportu, kt\u00f3rego celem by\u0142o zach\u0119cenie dzieci do aktywno\u015bci ruchowej, kszta\u0142towanie zachowa\u0144 prozdrowotnych, nabywanie wiary we w\u0142asne si\u0142y i mo\u017cliwo\u015bci, integracja dzieci w grupie.<\/p>\n<p style=\"text-align: center;\">Przedszkolaki uczestniczy\u0142y w zabawach sportowych, na kt\u00f3ry sk\u0142ada\u0142y si\u0119 konkurencje wymagaj\u0105ce zwinno\u015bci i zr\u0119czno\u015bci.<\/p>\n<p style=\"text-align: center;\">Dzieci przekona\u0142y si\u0119, \u017ce sport to przyjemna i emocjonuj\u0105ca forma sp\u0119dzenia czasu, kt\u00f3ra daje wiele rado\u015bci, przyjemno\u015bci a tym samym wspomaga kondycj\u0119 fizyczn\u0105 i zdrowie.<\/p>\n<p style=\"text-align: right;\">E. Ciesielska<\/p>\n","protected":false},"excerpt":{"rendered":"<p>Ka\u017cdy przedszkolak o tym wie: Chcesz by\u0107 zdrowym ruszaj si\u0119! Sport to bardzo wa\u017cna sprawa. S\u0105 regu\u0142y, jest zabawa. 8 kwietnia obchodzili\u015bmy w przedszkolu Dzie\u0144 Sportu, kt\u00f3rego celem by\u0142o zach\u0119cenie dzieci do aktywno\u015bci ruchowej, kszta\u0142towanie zachowa\u0144 prozdrowotnych, nabywanie wiary we w\u0142asne si\u0142y i mo\u017cliwo\u015bci, integracja dzieci w grupie. Przedszkolaki uczestniczy\u0142y w zabawach sportowych, na kt\u00f3ry&hellip; <br \/> <a class=\"read-more\" href=\"http:\/\/przedszkole.kosowlacki.pl\/wordpress\/sport-to-zdrowie-jestem-zdrowy-jestem-wysportowany\/\">Read more<\/a><\/p>\n","protected":false},"author":8,"featured_media":0,"comment_status":"open","ping_status":"open","sticky":false,"template":"","format":"standard","meta":[],"categories":[10],"tags":[],"_links":{"self":[{"href":"http:\/\/przedszkole.kosowlacki.pl\/wordpress\/wp-json\/wp\/v2\/posts\/16676"}],"collection":[{"href":"http:\/\/przedszkole.kosowlacki.pl\/wordpress\/wp-json\/wp\/v2\/posts"}],"about":[{"href":"http:\/\/przedszkole.kosowlacki.pl\/wordpress\/wp-json\/wp\/v2\/types\/post"}],"author":[{"embeddable":true,"href":"http:\/\/przedszkole.kosowlacki.pl\/wordpress\/wp-json\/wp\/v2\/users\/8"}],"replies":[{"embeddable":true,"href":"http:\/\/przedszkole.kosowlacki.pl\/wordpress\/wp-json\/wp\/v2\/comments?post=16676"}],"version-history":[{"count":1,"href":"http:\/\/przedszkole.kosowlacki.pl\/wordpress\/wp-json\/wp\/v2\/posts\/16676\/revisions"}],"predecessor-version":[{"id":16677,"href":"http:\/\/przedszkole.kosowlacki.pl\/wordpress\/wp-json\/wp\/v2\/posts\/16676\/revisions\/16677"}],"wp:attachment":[{"href":"http:\/\/przedszkole.kosowlacki.pl\/wordpress\/wp-json\/wp\/v2\/media?parent=16676"}],"wp:term":[{"taxonomy":"category","embeddable":true,"href":"http:\/\/przedszkole.kosowlacki.pl\/wordpress\/wp-json\/wp\/v2\/categories?post=16676"},{"taxonomy":"post_tag","embeddable":true,"href":"http:\/\/przedszkole.kosowlacki.pl\/wordpress\/wp-json\/wp\/v2\/tags?post=16676"}],"curies":[{"name":"wp","href":"https:\/\/api.w.org\/{rel}","templated":true}]}}