{"id":16667,"date":"2024-04-03T14:48:15","date_gmt":"2024-04-03T12:48:15","guid":{"rendered":"http:\/\/przedszkole.kosowlacki.pl\/wordpress\/?p=16667"},"modified":"2024-04-03T14:51:25","modified_gmt":"2024-04-03T12:51:25","slug":"zamierzenia-na-kwiecien-3","status":"publish","type":"post","link":"http:\/\/przedszkole.kosowlacki.pl\/wordpress\/zamierzenia-na-kwiecien-3\/","title":{"rendered":"Zamierzenia na kwiecie\u0144"},"content":{"rendered":"<h2 style=\"text-align: center;\"><span style=\"color: #00ff00;\">3 LATKI<\/span><\/h2>\n<h3><span style=\"color: #ff9900;\">I. Wiosna na wsi<\/span><\/h3>\n<h3>&#8211; rozwijanie mowy<\/h3>\n<h3>&#8211; rozwijanie percepcji s\u0142uchowej<\/h3>\n<h3>&#8211; rozwijanie umiej\u0119tno\u015bci liczenia<\/h3>\n<h3>&#8211; rozwijanie zainteresowa\u0144 przyrodniczych<\/h3>\n<h3>&#8211; rozwijanie zdolno\u015bci reagowania ruchem na d\u017awi\u0119ki instrument\u00f3w<\/h3>\n<h3>&#8211; rozwijanie aktywno\u015bci muzyczno \u2013 ruchowej<\/h3>\n<h3>&#8211; kszta\u0142towanie odruchu prawid\u0142owej postawy<\/h3>\n<h3>&#8211; rozwijanie sprawno\u015bci fizycznej<\/h3>\n<h3>&#8211; rozwijanie sprawno\u015bci manualnej<\/h3>\n<h3>&#8211; rozwijanie kreatywno\u015bci i umiej\u0119tno\u015bci pracy w grupie<\/h3>\n<h3><span style=\"color: #ff9900;\">II. Mamy r\u00f3\u017cne charaktery<\/span><\/h3>\n<h3>&#8211; rozwijanie umiej\u0119tno\u015bci rozr\u00f3\u017cniania emocji<\/h3>\n<h3>&#8211; rozwijanie mowy i koncentracji uwagi<\/h3>\n<h3>&#8211; wprowadzenie poj\u0119\u0107: d\u0142ugi, kr\u00f3tki<\/h3>\n<h3>&#8211; rozwijanie sprawno\u015bci manualnej<\/h3>\n<h3>&#8211; wyzwalanie umiej\u0119tno\u015bci okazywania emocji poprzez kontakt z muzyk\u0105<\/h3>\n<h3>&#8211; rozwijanie umiej\u0119tno\u015bci uczestnictwa we wsp\u00f3lnej zabawie<\/h3>\n<h3>&#8211; kszta\u0142towanie odruchu prawid\u0142owej postawy<\/h3>\n<h3>&#8211; rozwijanie sprawno\u015bci fizycznej<\/h3>\n<h3>&#8211; rozwijanie sprawno\u015bci manualnej<\/h3>\n<h3>&#8211; dbanie o porz\u0105dek na stanowisku pracy<\/h3>\n<h3><span style=\"color: #ff9900;\">III. Dbamy o przyrod\u0119<\/span><\/h3>\n<h3>&#8211; zapoznanie ze sposobami dbania o ziemi\u0119<\/h3>\n<h3>&#8211; rozwijanie mowy<\/h3>\n<h3>&#8211; rozwijanie umiej\u0119tno\u015bci matematycznych<\/h3>\n<h3>&#8211; zapoznanie z kolorami pojemnik\u00f3w na odpady<\/h3>\n<h3>&#8211; rozwijanie koordynacji s\u0142uchowo \u2013 ruchowej<\/h3>\n<h3>&#8211; rozwijanie aktywno\u015bci muzyczno \u2013 ruchowej<\/h3>\n<h3>&#8211; rozwijanie sprawno\u015bci fizycznej<\/h3>\n<h3>&#8211; kszta\u0142towanie odruchu prawid\u0142owej postawy<\/h3>\n<h3>&#8211; rozwijanie umiej\u0119tno\u015bci plastycznych<\/h3>\n<h3>&#8211; integracja grupy<\/h3>\n<h3><span style=\"color: #ff9900;\">IV. Polska moja ojczyzna<\/span><\/h3>\n<h3>&#8211; rozbudzanie zainteresowania najbli\u017csz\u0105 okolic\u0105<\/h3>\n<h3>&#8211; rozwijanie zainteresowa\u0144 badawczych<\/h3>\n<h3>&#8211; zapoznanie ze sposobami pomiaru wody<\/h3>\n<h3>&#8211; poznanie utworu muzyki klasycznej<\/h3>\n<h3>&#8211; wyrabianie umiej\u0119tno\u015bci reagowania ruchem na d\u017awi\u0119ki muzyczne<\/h3>\n<h3>&#8211; rozwijanie sprawno\u015bci fizycznej<\/h3>\n<h3>&#8211; kszta\u0142towanie odruchu prawid\u0142owej postawy<\/h3>\n<h3>&#8211; rozwijanie sprawno\u015bci manualnej<\/h3>\n<h3 align=\"center\"><span style=\"color: #00ff00;\">Piosenka do utrwalenia<\/span><\/h3>\n<h3 align=\"center\"><span style=\"color: #ff9900;\">,,Na podw\u00f3rku\u201d<\/span><\/h3>\n<h4 align=\"center\">( s\u0142.i muz. Bo\u017cena Forma)<\/h4>\n<h3 align=\"center\">1. Na podw\u00f3rku mieszka kaczka<br \/>\nbardzo g\u0142odna nieboraczka.<br \/>\nKrzycz\u0105 kury i indyczki,<br \/>\nkogut, g\u0119si i perliczki.<br \/>\nWszyscy pusto w brzuchach maj\u0105,<br \/>\ngospodarza wci\u0105\u017c wzywaj\u0105.<br \/>\nGdzie si\u0119 podzia\u0142 pan gospodarz?<br \/>\nKiedy nam \u015bniadanie poda.<\/h3>\n<h3 style=\"text-align: center;\">Ref: Wtem gospodarz si\u0119 pojawia,<br \/>\ndaje karm\u0119 sypie ziarna.<br \/>\nDo poide\u0142 wod\u0119 wlewa.<br \/>\nCzy wam jeszcze czego\u015b trzeba?<\/h3>\n<h3 align=\"center\">2. Konik z worka skubie siano.<br \/>\nTraw\u0119 woli cielak z mam\u0105,<br \/>\npani koza z ko\u017al\u0105tkami<br \/>\noraz owca z jagni\u0119tami.<br \/>\nBrzuszki wszyscy nape\u0142nili,<br \/>\njedz\u0105c troch\u0119 si\u0119 zm\u0119czyli.<br \/>\nKwoka z dzie\u0107mi odpoczywa<br \/>\nw ch\u0142odnym miejscu si\u0119 ukrywa.<\/h3>\n<h3 style=\"text-align: center;\">Ref: Wtem gospodarz&#8230;<\/h3>\n<p>&nbsp;<\/p>\n<h2 style=\"text-align: center;\"><span style=\"color: #ff00ff;\">4 LATKI<\/span><\/h2>\n<h3 align=\"left\"><span style=\"color: #af1cd4;\">I. Mamy r\u00f3\u017cne charaktery:<\/span><\/h3>\n<h3 align=\"left\">&#8211; rozwijanie umiej\u0119tno\u015bci rozr\u00f3\u017cniania emocji, rozwijanie mowy i koncentracji uwagi, poszerzanie wiedzy o emocjach, integrowanie grupy<\/h3>\n<h3 align=\"left\">&#8211; wprowadzenie okre\u015ble\u0144 d\u0142ugi, kr\u00f3tki, rozwijanie logicznego my\u015blenia, wszechstronny i harmonijny rozw\u00f3j organizmu<\/h3>\n<h3 align=\"left\">&#8211; rozwijanie umiej\u0119tno\u015bci kierowania swoim cia\u0142em poprzez muzyk\u0119, rozwijanie umiej\u0119tno\u015bci odr\u00f3\u017cniania pozytywnych zachowa\u0144 od negatywnych<\/h3>\n<h3 align=\"left\">&#8211; rozwijanie sprawno\u015bci fizycznej, kszta\u0142towanie postaw prospo\u0142ecznych, rozwijanie mowy<\/h3>\n<h3 align=\"left\">&#8211; rozwijanie sprawno\u015bci manualnej<\/h3>\n<h3><span style=\"color: #af1cd4;\">II. Wiosna na wsi:<\/span><\/h3>\n<h3>&#8211; rozwijanie mowy, rozwijanie percepcji s\u0142uchowej, kszta\u0142towanie poprawnej wymowy<\/h3>\n<h3>&#8211; rozwijanie umiej\u0119tno\u015bci liczenia, rozwijanie sprawno\u015bci fizycznej<\/h3>\n<h3>&#8211; doskonalenie koordynacji s\u0142uchowo- ruchowej, rozwijanie wiedzy og\u00f3lnej dzieci<\/h3>\n<h3>&#8211; kszta\u0142towanie nawyku prawid\u0142owej postawy podczas \u0107wicze\u0144, rozwijanie mowy<\/h3>\n<h3>&#8211; rozwijanie sprawno\u015bci manualnej, rozwijanie kreatywno\u015bci<\/h3>\n<h3><span style=\"color: #af1cd4;\">III. Dbamy o przyrod\u0119:<\/span><\/h3>\n<h3>&#8211; poszerzanie wiedzy na temat dbania o nasz\u0105 planet\u0119, budowanie pozytywnych relacji grupowych<\/h3>\n<h3>&#8211; kszta\u0142towanie nawyk\u00f3w ekologicznych, wszechstronny i harmonijny rozw\u00f3j organizmu<\/h3>\n<h3>&#8211; rozwijanie poczucia rytmu, doskonalenie umiej\u0119tno\u015bci komunikacyjnych<\/h3>\n<h3>&#8211; rozwijanie sprawno\u015bci fizycznej, rozwijanie postawy badawczej<\/h3>\n<h3>&#8211; rozwijanie umiej\u0119tno\u015bci plastycznych, integracja zespo\u0142u klasowego<\/h3>\n<h3><span style=\"color: #af1cd4;\">IV. Polska- moja ojczyzna:<\/span><\/h3>\n<h3>&#8211; rozwijanie umiej\u0119tno\u015bci manipulowania, zapoznanie z wygl\u0105dem symboli narodowych<\/h3>\n<h3>&#8211; zapobieganie pog\u0142\u0119bianiu si\u0119 wad postawy, rozwijanie zainteresowa\u0144 dzieci Europ\u0105<\/h3>\n<h3>&#8211; rozwijanie sprawno\u015bci manualnej, rozwijanie mowy<\/h3>\n<h3>&#8211; poszerzanie wiedzy o Polsce, dbanie o porz\u0105dek na stanowisku pracy<\/h3>\n<h3>&#8211; rozwijanie poczucia rytmu, rozwijanie mowy<\/h3>\n<h3 align=\"center\"><span style=\"color: #ff00ff;\">Piosenka do utrwalenia<\/span><\/h3>\n<h3 align=\"center\"><span style=\"color: #af1cd4;\">\u201e Nie\u0142atwo nas pomyli\u0107\u201e<\/span><\/h3>\n<h4 align=\"center\">( s\u0142. i muz. Krystyna Gowik)<\/h4>\n<h3 style=\"text-align: center;\" align=\"left\">1. Patrzcie: ka\u017cdy z nas jest inny.<\/h3>\n<h3 style=\"text-align: center;\" align=\"left\">Jeden sprytny, drugi zwinny.<\/h3>\n<h3 style=\"text-align: center;\" align=\"left\">Jeden z\u0142o\u015bnik, drugi- smutny.<\/h3>\n<h3 style=\"text-align: center;\" align=\"left\">Jeden \u015bmieszek, drugi- rezolutny.<\/h3>\n<h3 style=\"text-align: center;\" align=\"left\">Ref: Jak pieski i kotki.<\/h3>\n<h3 style=\"text-align: center;\" align=\"left\">Jak chmury na niebie.<\/h3>\n<h3 style=\"text-align: center;\" align=\"left\">Tak samo i my r\u00f3\u017cnimy si\u0119 od siebie.<\/h3>\n<h3 style=\"text-align: center;\" align=\"left\">2. Przez t\u0119 inno\u015b\u0107 w \u017cadnej chwili<\/h3>\n<h3 style=\"text-align: center;\" align=\"left\">nie \u0142atwo nas pomyli\u0107.<\/h3>\n<h3 style=\"text-align: center;\" align=\"left\">Bo wygl\u0105dem si\u0119 r\u00f3\u017cnimy.<\/h3>\n<h3 style=\"text-align: center;\" align=\"left\">Mamy inne twarze, oczy, miny.<\/h3>\n<h3 style=\"text-align: center;\" align=\"left\">Ref: Jak pieski i kotki\u2026\u2026..<\/h3>\n<p>&nbsp;<\/p>\n<h2 style=\"text-align: center;\"><span style=\"color: #00ccff;\">5 LATKI<\/span><\/h2>\n<h3><span style=\"font-family: Times New Roman, serif; color: #ff0000;\"><b>I Mamy r\u00f3\u017cne charaktery<\/b><\/span><\/h3>\n<h3><span style=\"font-family: Times New Roman, serif;\">&#8211; rozwijanie umiej\u0119tno\u015bci rozr\u00f3\u017cniania emocji<\/span><\/h3>\n<h3><span style=\"font-family: Times New Roman, serif;\">&#8211; rozwijanie mowy i koncentracji uwagi<\/span><\/h3>\n<h3><span style=\"font-family: Times New Roman, serif;\">&#8211; budzenie zainteresowa\u0144 literami<\/span><\/h3>\n<h3><span style=\"font-family: Times New Roman, serif;\">&#8211; analiza i synteza na poziomie g\u0142oski i sylaby<\/span><\/h3>\n<h3><span style=\"font-family: Times New Roman, serif;\">&#8211; wprowadzenie poj\u0119\u0107 d\u0142u\u017cszy, kr\u00f3tszy <\/span><\/h3>\n<h3><span style=\"font-family: Times New Roman, serif;\">&#8211; rozwijanie my\u015blenia logicznego <\/span><\/h3>\n<h3><span style=\"font-family: Times New Roman, serif;\">&#8211; rozwijanie sprawno\u015bci fizycznej<\/span><\/h3>\n<h3><span style=\"font-family: Times New Roman, serif;\">&#8211; wszechstronny i harmonijny rozw\u00f3j organizmu <\/span><\/h3>\n<h3><span style=\"font-family: Times New Roman, serif;\">&#8211; rozwijanie umiej\u0119tno\u015bci kierowania swoim cia\u0142em poprzez muzyk\u0119<\/span><\/h3>\n<h3><span style=\"font-family: Times New Roman, serif;\">&#8211; rozwijanie umiej\u0119tno\u015bci uczestnictwa we wsp\u00f3lnej zabawie <\/span><\/h3>\n<h3><span style=\"font-family: Times New Roman, serif;\">&#8211; rozwijanie mowy<\/span><\/h3>\n<h3><span style=\"font-family: Times New Roman, serif;\">&#8211; rozwijanie umiej\u0119tno\u015bci odr\u00f3\u017cniania zachowa\u0144 pozytywnych od negatywnych<\/span><\/h3>\n<h3><span style=\"font-family: Times New Roman, serif;\">&#8211; kszta\u0142towanie postaw prospo\u0142ecznych<\/span><\/h3>\n<h3><span style=\"font-family: Times New Roman, serif;\">&#8211; rozwijaj\u0105c umiej\u0119tno\u015bci wsp\u00f3\u0142pracy w grupie<\/span><\/h3>\n<h3><span style=\"font-family: Times New Roman, serif;\">&#8211; dbanie o porz\u0105dek na stanowisku pracy <\/span><\/h3>\n<h3><span style=\"font-family: Times New Roman, serif;\">&#8211; rozwijanie wiedzy na temat warto\u015bci <\/span><\/h3>\n<h3><span style=\"font-family: Times New Roman, serif;\">&#8211; rozwijanie pami\u0119ci <\/span><\/h3>\n<h3><span style=\"font-family: Times New Roman, serif; color: #ff0000;\"><b>II Wiosna na wsi<\/b><\/span><\/h3>\n<h3><span style=\"font-family: Times New Roman, serif;\">-rozwijanie percepcji s\u0142uchowej<\/span><\/h3>\n<h3><span style=\"font-family: Times New Roman, serif;\">&#8211; budzenie zainteresowania literami <\/span><\/h3>\n<h3><span style=\"font-family: Times New Roman, serif;\">&#8211; dokonywanie analizy i syntezy na poziomie g\u0142oski i sylaby<\/span><\/h3>\n<h3><span style=\"font-family: Times New Roman, serif;\">&#8211; por\u00f3wnywanie masy przedmiot\u00f3w<\/span><\/h3>\n<h3><span style=\"font-family: Times New Roman, serif;\">&#8211; kszta\u0142towanie umiej\u0119tno\u015bci w\u0142a\u015bciwego u\u017cywania poj\u0119\u0107 ci\u0119\u017cki, lekki <\/span><\/h3>\n<h3><span style=\"font-family: Times New Roman, serif;\">&#8211; rozwijanie koordynacji s\u0142uchowo -ruchowej <\/span><\/h3>\n<h3><span style=\"font-family: Times New Roman, serif;\">&#8211; doskonalenie koncentracji uwagi <\/span><\/h3>\n<h3><span style=\"font-family: Times New Roman, serif;\">&#8211; rozwijanie wiedzy og\u00f3lnej dzieci<\/span><\/h3>\n<h3><span style=\"font-family: Times New Roman, serif;\">&#8211; rozwijanie sprawno\u015bci manualnej<\/span><\/h3>\n<h3><span style=\"font-family: Times New Roman, serif;\">&#8211; rozwijanie umiej\u0119tno\u015bci pracy w grupie<\/span><\/h3>\n<h3><span style=\"font-family: Times New Roman, serif;\">&#8211; budzenie poczucia satysfakcji z wykonanej pracy<\/span><\/h3>\n<h3><span style=\"font-family: Times New Roman, serif; color: #ff0000;\"><b>III Dbamy o przyrod\u0119<\/b><\/span><\/h3>\n<h3><span style=\"font-family: Times New Roman, serif;\">&#8211; rozwijanie mowy<\/span><\/h3>\n<h3><span style=\"font-family: Times New Roman, serif;\">&#8211; rozwijanie opieku\u0144czego stosunku wzgl\u0119dem planety<\/span><\/h3>\n<h3><span style=\"font-family: Times New Roman, serif;\">&#8211; budzenie zainteresowania literami<\/span><\/h3>\n<h3><span style=\"font-family: Times New Roman, serif;\">&#8211; analiza i synteza na poziomie g\u0142oski i sylaby<\/span><\/h3>\n<h3><span style=\"font-family: Times New Roman, serif;\">&#8211; przypomnienie zasad dotycz\u0105cych segregowania \u015bmieci<\/span><\/h3>\n<h3><span style=\"font-family: Times New Roman, serif;\">&#8211; kszta\u0142towanie postaw proekologicznych<\/span><\/h3>\n<h3><span style=\"font-family: Times New Roman, serif;\">&#8211; rozwijanie sprawno\u015bci fizycznej<\/span><\/h3>\n<h3><span style=\"font-family: Times New Roman, serif;\">&#8211; wszechstronny i harmonijny rozw\u00f3j organizmu <\/span><\/h3>\n<h3><span style=\"font-family: Times New Roman, serif;\">&#8211; rozwijanie koordynacji s\u0142uchowo-ruchowej<\/span><\/h3>\n<h3><span style=\"font-family: Times New Roman, serif;\">&#8211; doskonalenie aparatu ruchowego i koncentracji uwagi<\/span><\/h3>\n<h3><span style=\"font-family: Times New Roman, serif;\">&#8211; zach\u0119canie do dbania i planet\u0119 Ziemi\u0119<\/span><\/h3>\n<h3><span style=\"font-family: Times New Roman, serif;\">&#8211; stymulowanie do poznawania i odkrywania \u015bwiata<\/span><\/h3>\n<h3><span style=\"font-family: Times New Roman, serif;\">&#8211; wyra\u017canie swoich spostrze\u017ce\u0144 w ekspresji plastycznej <\/span><\/h3>\n<h3><span style=\"font-family: Times New Roman, serif;\">&#8211; rozwijanie funkcji poznawczych <\/span><\/h3>\n<h3><span style=\"font-family: Times New Roman, serif;\">&#8211; integracja grupy<\/span><\/h3>\n<h3><span style=\"font-family: Times New Roman, serif;\"><b><span style=\"color: #ff0000;\">IV Polska \u2013 moja ojczyzna<\/span> <\/b><\/span><\/h3>\n<h3><span style=\"font-family: Times New Roman, serif;\">&#8211; rozwijanie mowy <\/span><\/h3>\n<h3><span style=\"font-family: Times New Roman, serif;\">&#8211; rozwijanie s\u0142uchu fonematycznego <\/span><\/h3>\n<h3><span style=\"font-family: Times New Roman, serif;\">&#8211; budzenie zainteresowania literami <\/span><\/h3>\n<h3><span style=\"font-family: Times New Roman, serif;\">&#8211; dokonywanie analizy i syntezy na poziomie g\u0142oski i sylaby <\/span><\/h3>\n<h3><span style=\"font-family: Times New Roman, serif;\">&#8211; rozwijanie umiej\u0119tno\u015bci mierzenia p\u0142yn\u00f3w<\/span><\/h3>\n<h3><span style=\"font-family: Times New Roman, serif;\">&#8211; rozwijanie zainteresowa\u0144 badawczych <\/span><\/h3>\n<h3><span style=\"font-family: Times New Roman, serif;\">&#8211; rozwijanie sprawno\u015bci fizycznej <\/span><\/h3>\n<h3><span style=\"font-family: Times New Roman, serif;\">&#8211; zapobieganie pog\u0142\u0119bianiu si\u0119 wad postawy <\/span><\/h3>\n<h3><span style=\"font-family: Times New Roman, serif;\">&#8211; rozwijanie poczucia rytmu <\/span><\/h3>\n<h3><span style=\"font-family: Times New Roman, serif;\">&#8211; doskonalenie p\u0142ynno\u015bci i swobody ruch\u00f3w podczas ta\u0144ca<\/span><\/h3>\n<h3><span style=\"font-family: Times New Roman, serif;\">&#8211; zapoznanie z wygl\u0105dem polskich symboli narodowych <\/span><\/h3>\n<h3><span style=\"font-family: Times New Roman, serif;\">&#8211; rozwijanie zainteresowania dzieci Europ\u0105<\/span><\/h3>\n<h3><span style=\"font-family: Times New Roman, serif;\">&#8211; rozwijanie sprawno\u015bci manualnej <\/span><\/h3>\n<h3><span style=\"font-family: Times New Roman, serif;\">&#8211; dbanie o porz\u0105dek na stanowisku pracy <\/span><\/h3>\n<h3><span style=\"font-family: Times New Roman, serif;\">&#8211; poszerzenie wiedzy o Polsce<\/span><\/h3>\n<h3 align=\"center\"><span style=\"font-family: Times New Roman, serif; color: #00ccff;\"><b>Piosenka do utrwalenia<\/b><\/span><\/h3>\n<h3 align=\"center\"><span style=\"font-family: Times New Roman, serif; color: #ff0000;\"><b>,,Jest taki kraj&#8221;<\/b><\/span><\/h3>\n<h4 align=\"center\"><span style=\"font-family: Times New Roman, serif;\"><b>(s\u0142. i muz. Jolanta Kucharczyk)<\/b><\/span><\/h4>\n<h3 align=\"center\"><span style=\"font-family: Times New Roman, serif;\">1. Jest taki kraj, pi\u0119kny kraj,<\/span><\/h3>\n<h3 align=\"center\"><span style=\"font-family: Times New Roman, serif;\">gdzie p\u0142ynie Wis\u0142a b\u0142\u0119kitna.<\/span><\/h3>\n<h3 align=\"center\"><span style=\"font-family: Times New Roman, serif;\">Gdzie lasy zielone i g\u00f3ry wysokie,<\/span><\/h3>\n<h3 align=\"center\"><span style=\"font-family: Times New Roman, serif;\">I nasze morze Ba\u0142tyckie.<\/span><\/h3>\n<h3 align=\"center\"><span style=\"font-family: Times New Roman, serif;\">Ref.: My Polsk\u0119 znamy, Polsk\u0119 kochamy,<\/span><\/h3>\n<h3 align=\"center\"><span style=\"font-family: Times New Roman, serif;\">bo to jest nasza ojczyzna.<\/span><\/h3>\n<h3 align=\"center\"><span style=\"font-family: Times New Roman, serif;\">My Polsk\u0119 znamy, Polsk\u0119 kochamy.<\/span><\/h3>\n<h3 align=\"center\"><span style=\"font-family: Times New Roman, serif;\">To kraj nasz, nasza pi\u0119kna ojczyzna.<\/span><\/h3>\n<h3 align=\"center\"><span style=\"font-family: Times New Roman, serif;\">2. Jest taki kraj, pi\u0119kny kraj,<\/span><\/h3>\n<h3 align=\"center\"><span style=\"font-family: Times New Roman, serif;\">gdzie flaga bia\u0142o-czerwona<\/span><\/h3>\n<h3 align=\"center\"><span style=\"font-family: Times New Roman, serif;\">i hymn narodowy, i orze\u0142 w koronie \u2013<\/span><\/h3>\n<h3 align=\"center\"><span style=\"font-family: Times New Roman, serif;\">to naszej Polski symbole.<\/span><\/h3>\n<h3 align=\"center\"><span style=\"font-family: Times New Roman, serif;\">Ref.: My Polsk\u0119 znamy, Polsk\u0119 kochamy\u2026<\/span><\/h3>\n<p>&nbsp;<\/p>\n<h2 style=\"text-align: center;\"><span style=\"color: #0000ff;\">6 LATKI<\/span><\/h2>\n<h3 align=\"justify\"><span style=\"color: #ff99cc;\">I ,, Mamy r\u00f3\u017cne charaktery\u201d<\/span><\/h3>\n<ul>\n<li>\n<h3 align=\"justify\">rozwijanie umiej\u0119tno\u015bci rozr\u00f3\u017cniania emocji,<\/h3>\n<\/li>\n<li>\n<h3 align=\"justify\">rozwijanie mowy i uwa\u017cnego s\u0142uchania,<\/h3>\n<\/li>\n<li>\n<h3 align=\"justify\">rozwijanie s\u0142uchu fonematycznego, rozpoznawanie i nazywanie poznanych liter, poznanie litery \u0142, \u0141: ma\u0142ej i wielkiej, drukowanej i pisanej,<\/h3>\n<\/li>\n<li>\n<h3 align=\"justify\">wprowadzenie poj\u0119\u0107: d\u0142u\u017cszy, kr\u00f3tszy; rozwijanie umiej\u0119tno\u015bci por\u00f3wnywania d\u0142ugo\u015bci,<\/h3>\n<\/li>\n<li>\n<h3 align=\"justify\">rozwijanie sprawno\u015bci fizycznej, rozwijanie koncentracji uwagi,<\/h3>\n<\/li>\n<li>\n<h3 align=\"justify\">wyrabianie zdolno\u015bci<\/h3>\n<\/li>\n<li>\n<h3 align=\"justify\">wyra\u017cania emocji podczas zabawy, rozwijanie umiej\u0119tno\u015bci wsp\u00f3\u0142dzia\u0142ania w zabawie,<\/h3>\n<\/li>\n<li>\n<h3 align=\"justify\">rozwijanie sprawno\u015bci manualnej,<\/h3>\n<\/li>\n<\/ul>\n<h3 align=\"justify\"><span style=\"color: #ff99cc;\">II ,,Wiosna na wsi\u201d<\/span><\/h3>\n<ul>\n<li>\n<h3 align=\"justify\">rozwijanie mowy, rozwijanie percepcji s\u0142uchowej,<\/h3>\n<\/li>\n<li>\n<h3 align=\"justify\">rozwijanie s\u0142uchu fonematycznego, rozpoznawanie i nazywanie poznanych liter, poznanie litery f, F: ma\u0142ej i wielkiej, drukowanej i pisanej,<\/h3>\n<\/li>\n<li>\n<h3 align=\"justify\">zapoznanie z r\u00f3\u017cnymi rodzajami wag, rozwijanie umiej\u0119tno\u015bci szacowania wagi,<\/h3>\n<\/li>\n<li>\n<h3 align=\"justify\">rozwijanie sprawno\u015bci fizycznej,<\/h3>\n<\/li>\n<li>\n<h3 align=\"justify\">rozwijanie swobody ruch\u00f3w przy piosence,<\/h3>\n<\/li>\n<li>\n<h3 align=\"justify\">rozwijanie my\u015blenia logicznego, rozwijanie sprawno\u015bci manualnej,<\/h3>\n<\/li>\n<\/ul>\n<h3 align=\"justify\"><span style=\"color: #ff99cc;\">III ,, Dbam o przyrod\u0119\u201d<\/span><\/h3>\n<ul>\n<li>\n<h3 align=\"justify\">rozwijanie mowy, rozwijanie opieku\u0144czego stosunku wzgl\u0119dem planety,<\/h3>\n<\/li>\n<li>\n<h3 align=\"justify\">rozwijanie s\u0142uchu fonematycznego, rozpoznawanie i nazywanie poznanych liter, poznanie litery \u017c, \u017b: ma\u0142ej i wielkiej, drukowanej i pisanej,<\/h3>\n<\/li>\n<li>\n<h3 align=\"justify\">przypomnienie zasad segregowania \u015bmieci, rozwijanie umiej\u0119tno\u015bci liczenia.<\/h3>\n<\/li>\n<li>\n<h3 align=\"justify\">rozwijanie sprawno\u015bci fizycznej,<\/h3>\n<\/li>\n<li>\n<h3 align=\"justify\">rozwijanie koordynacji s\u0142uchowo-ruchowej, kszta\u0142towanie umiej\u0119tno\u015bci uwa\u017cnego s\u0142uchania,<\/h3>\n<\/li>\n<li>\n<h3 align=\"justify\">rozwijanie sprawno\u015bci manualnej, rozwijanie umiej\u0119tno\u015bci kodowania, rozwijanie umiej\u0119tno\u015bci wsp\u00f3\u0142pracy,<\/h3>\n<\/li>\n<\/ul>\n<h3 align=\"justify\"><span style=\"color: #ff99cc;\">IV ,, Polska \u2013 moja ojczyzna\u201d<\/span><\/h3>\n<ul>\n<li>\n<h3 align=\"justify\">rozwijanie mowy; wzbogacanie wiadomo\u015bci na temat miejscowo\u015bci i regionu, w kt\u00f3rych mieszkaj\u0105 dzieci,<\/h3>\n<\/li>\n<li>\n<h3 align=\"justify\">rozwijanie s\u0142uchu fonematycznego, rozpoznawanie i nazywanie poznanych liter, poznanie litery h, H: ma\u0142ej i wielkiej, drukowanej i pisanej,<\/h3>\n<\/li>\n<li>\n<h3 align=\"justify\">rozwijanie umiej\u0119tno\u015bci mierzenia obj\u0119to\u015bci p\u0142yn\u00f3w, rozwijanie zainteresowa\u0144 badawczych,<\/h3>\n<\/li>\n<li>\n<h3 align=\"justify\">rozwijanie sprawno\u015bci fizycznej,<\/h3>\n<\/li>\n<li>\n<h3 align=\"justify\">rozwijanie my\u015blenia logicznego, zapoznanie z wygl\u0105dem polskich symboli narodowych, rozwijanie zainteresowa\u0144 dzieci Europ\u0105,<\/h3>\n<\/li>\n<li>\n<h3 align=\"justify\">rozwijanie sprawno\u015bci manualnej, rozwijanie umiej\u0119tno\u015bci pracy w grupie,<\/h3>\n<\/li>\n<li>\n<h3 align=\"justify\">rozwijanie umiej\u0119tno\u015bci kodowania,<\/h3>\n<\/li>\n<\/ul>\n<h3 align=\"center\"><span style=\"color: #0000ff;\">Piosenka do utrwalenia<\/span><\/h3>\n<h3 align=\"center\"><span style=\"color: #ff99cc;\">,,Nasza planeta Ziemia\u201d<\/span><\/h3>\n<h4 align=\"center\">(s\u0142. i muz. Jolanta Kucharczyk)<\/h4>\n<h3 style=\"text-align: center;\">1. \u017bycie na Ziemi mo\u017ce by\u0107 pi\u0119kne,<\/h3>\n<h3 style=\"text-align: center;\">gdy tylko o Ziemi\u0119 zadbamy.<\/h3>\n<h3 style=\"text-align: center;\">Kiedy b\u0119dziemy si\u0119 o ni\u0105 troszczy\u0107,<\/h3>\n<h3 style=\"text-align: center;\">gdy tylko j\u0105 posprz\u0105tamy.<\/h3>\n<h3 style=\"text-align: center;\">Ref.: Ziemia to nasza planeta,<\/h3>\n<h3 style=\"text-align: center;\">to nasze miejsce na \u015bwiecie.<\/h3>\n<h3 style=\"text-align: center;\">Chcemy, by wszyscy tu \u017cyli<\/h3>\n<h3 style=\"text-align: center;\">zdrowo, bezpiecznie i pi\u0119knie.<\/h3>\n<h3 style=\"text-align: center;\">2. Nasza zielona planeta Ziemia<\/h3>\n<h3 style=\"text-align: center;\">wci\u0105\u017c daje nam wszystkim schronienie \u2013<\/h3>\n<h3 style=\"text-align: center;\">czyste powietrze i czyst\u0105 wod\u0119,<\/h3>\n<h3 style=\"text-align: center;\">mieszkanie i po\u017cywienie.<\/h3>\n<h3 style=\"text-align: center;\">Ref.: Ziemia to nasza planeta&#8230;<\/h3>\n<h3 style=\"text-align: center;\">3. Dzi\u015b napiszemy do wszystkich ludzi<\/h3>\n<h3 style=\"text-align: center;\">list, aby o Ziemi\u0119 wci\u0105\u017c dbali.<\/h3>\n<h3 style=\"text-align: center;\">By posprz\u0105tali lasy i morza,<\/h3>\n<h3 style=\"text-align: center;\">nasz wsp\u00f3lny dom szanowali.<\/h3>\n<h3 style=\"text-align: center;\">Ref.: Ziemia to nasza planeta&#8230;<\/h3>\n<h3 style=\"text-align: center;\"><\/h3>\n<h3 style=\"text-align: center;\"><\/h3>\n<h3 style=\"text-align: center;\"><\/h3>\n<h3 style=\"text-align: center;\"><\/h3>\n<h3 style=\"text-align: center;\"><\/h3>\n<h3 style=\"text-align: center;\"><\/h3>\n<h3 style=\"text-align: center;\"><\/h3>\n","protected":false},"excerpt":{"rendered":"<p>3 LATKI I. Wiosna na wsi &#8211; rozwijanie mowy &#8211; rozwijanie percepcji s\u0142uchowej &#8211; rozwijanie umiej\u0119tno\u015bci liczenia &#8211; rozwijanie zainteresowa\u0144 przyrodniczych &#8211; rozwijanie zdolno\u015bci reagowania ruchem na d\u017awi\u0119ki instrument\u00f3w &#8211; rozwijanie aktywno\u015bci muzyczno \u2013 ruchowej &#8211; kszta\u0142towanie odruchu prawid\u0142owej postawy &#8211; rozwijanie sprawno\u015bci fizycznej &#8211; rozwijanie sprawno\u015bci manualnej &#8211; rozwijanie kreatywno\u015bci i umiej\u0119tno\u015bci pracy w&hellip; <br \/> <a class=\"read-more\" href=\"http:\/\/przedszkole.kosowlacki.pl\/wordpress\/zamierzenia-na-kwiecien-3\/\">Read more<\/a><\/p>\n","protected":false},"author":2,"featured_media":0,"comment_status":"open","ping_status":"open","sticky":false,"template":"","format":"standard","meta":[],"categories":[12],"tags":[],"_links":{"self":[{"href":"http:\/\/przedszkole.kosowlacki.pl\/wordpress\/wp-json\/wp\/v2\/posts\/16667"}],"collection":[{"href":"http:\/\/przedszkole.kosowlacki.pl\/wordpress\/wp-json\/wp\/v2\/posts"}],"about":[{"href":"http:\/\/przedszkole.kosowlacki.pl\/wordpress\/wp-json\/wp\/v2\/types\/post"}],"author":[{"embeddable":true,"href":"http:\/\/przedszkole.kosowlacki.pl\/wordpress\/wp-json\/wp\/v2\/users\/2"}],"replies":[{"embeddable":true,"href":"http:\/\/przedszkole.kosowlacki.pl\/wordpress\/wp-json\/wp\/v2\/comments?post=16667"}],"version-history":[{"count":4,"href":"http:\/\/przedszkole.kosowlacki.pl\/wordpress\/wp-json\/wp\/v2\/posts\/16667\/revisions"}],"predecessor-version":[{"id":16671,"href":"http:\/\/przedszkole.kosowlacki.pl\/wordpress\/wp-json\/wp\/v2\/posts\/16667\/revisions\/16671"}],"wp:attachment":[{"href":"http:\/\/przedszkole.kosowlacki.pl\/wordpress\/wp-json\/wp\/v2\/media?parent=16667"}],"wp:term":[{"taxonomy":"category","embeddable":true,"href":"http:\/\/przedszkole.kosowlacki.pl\/wordpress\/wp-json\/wp\/v2\/categories?post=16667"},{"taxonomy":"post_tag","embeddable":true,"href":"http:\/\/przedszkole.kosowlacki.pl\/wordpress\/wp-json\/wp\/v2\/tags?post=16667"}],"curies":[{"name":"wp","href":"https:\/\/api.w.org\/{rel}","templated":true}]}}