{"id":16658,"date":"2024-03-28T08:28:50","date_gmt":"2024-03-28T07:28:50","guid":{"rendered":"http:\/\/przedszkole.kosowlacki.pl\/wordpress\/?p=16658"},"modified":"2024-03-28T08:28:50","modified_gmt":"2024-03-28T07:28:50","slug":"zyczenia-wielkanocne-5","status":"publish","type":"post","link":"http:\/\/przedszkole.kosowlacki.pl\/wordpress\/zyczenia-wielkanocne-5\/","title":{"rendered":"\u017byczenia wielkanocne"},"content":{"rendered":"<h3 align=\"center\">Zdrowych, Pogodnych \u015awi\u0105t Wielkanocnych,<br \/>\nprzepe\u0142nionych wiar\u0105, nadziej\u0105 i\u00a0mi\u0142o\u015bci\u0105.<br \/>\nRadosnego, wiosennego nastroju,<br \/>\nserdecznych spotka\u0144 w\u00a0gronie rodziny i\u00a0w\u015br\u00f3d przyjaci\u00f3\u0142<br \/>\noraz weso\u0142ego \u201eAlleluja\u201d<\/h3>\n<h3 align=\"center\">\u017cycz\u0105<\/h3>\n<h3 align=\"center\"><em><strong> Dyrekcja, \u00a0Pracownicy oraz Dzieci z Gminnego przedszkola<\/strong><\/em><\/h3>\n<p>&nbsp;<\/p>\n<p><img loading=\"lazy\" class=\"alignnone size-full wp-image-16659 aligncenter\" src=\"http:\/\/przedszkole.kosowlacki.pl\/wordpress\/wp-content\/uploads\/2024\/03\/wielkanoc1111111.jpg\" alt=\"\" width=\"564\" height=\"754\" srcset=\"http:\/\/przedszkole.kosowlacki.pl\/wordpress\/wp-content\/uploads\/2024\/03\/wielkanoc1111111.jpg 564w, http:\/\/przedszkole.kosowlacki.pl\/wordpress\/wp-content\/uploads\/2024\/03\/wielkanoc1111111-224x300.jpg 224w\" sizes=\"(max-width: 564px) 100vw, 564px\" \/><\/p>\n","protected":false},"excerpt":{"rendered":"<p>Zdrowych, Pogodnych \u015awi\u0105t Wielkanocnych, przepe\u0142nionych wiar\u0105, nadziej\u0105 i\u00a0mi\u0142o\u015bci\u0105. Radosnego, wiosennego nastroju, serdecznych spotka\u0144 w\u00a0gronie rodziny i\u00a0w\u015br\u00f3d przyjaci\u00f3\u0142 oraz weso\u0142ego \u201eAlleluja\u201d \u017cycz\u0105 Dyrekcja, \u00a0Pracownicy oraz Dzieci z Gminnego przedszkola &nbsp;<\/p>\n","protected":false},"author":2,"featured_media":0,"comment_status":"open","ping_status":"open","sticky":false,"template":"","format":"standard","meta":[],"categories":[11],"tags":[],"_links":{"self":[{"href":"http:\/\/przedszkole.kosowlacki.pl\/wordpress\/wp-json\/wp\/v2\/posts\/16658"}],"collection":[{"href":"http:\/\/przedszkole.kosowlacki.pl\/wordpress\/wp-json\/wp\/v2\/posts"}],"about":[{"href":"http:\/\/przedszkole.kosowlacki.pl\/wordpress\/wp-json\/wp\/v2\/types\/post"}],"author":[{"embeddable":true,"href":"http:\/\/przedszkole.kosowlacki.pl\/wordpress\/wp-json\/wp\/v2\/users\/2"}],"replies":[{"embeddable":true,"href":"http:\/\/przedszkole.kosowlacki.pl\/wordpress\/wp-json\/wp\/v2\/comments?post=16658"}],"version-history":[{"count":1,"href":"http:\/\/przedszkole.kosowlacki.pl\/wordpress\/wp-json\/wp\/v2\/posts\/16658\/revisions"}],"predecessor-version":[{"id":16660,"href":"http:\/\/przedszkole.kosowlacki.pl\/wordpress\/wp-json\/wp\/v2\/posts\/16658\/revisions\/16660"}],"wp:attachment":[{"href":"http:\/\/przedszkole.kosowlacki.pl\/wordpress\/wp-json\/wp\/v2\/media?parent=16658"}],"wp:term":[{"taxonomy":"category","embeddable":true,"href":"http:\/\/przedszkole.kosowlacki.pl\/wordpress\/wp-json\/wp\/v2\/categories?post=16658"},{"taxonomy":"post_tag","embeddable":true,"href":"http:\/\/przedszkole.kosowlacki.pl\/wordpress\/wp-json\/wp\/v2\/tags?post=16658"}],"curies":[{"name":"wp","href":"https:\/\/api.w.org\/{rel}","templated":true}]}}