{"id":16492,"date":"2024-03-22T14:55:37","date_gmt":"2024-03-22T13:55:37","guid":{"rendered":"http:\/\/przedszkole.kosowlacki.pl\/wordpress\/?p=16492"},"modified":"2024-03-22T14:55:37","modified_gmt":"2024-03-22T13:55:37","slug":"pierwszy-dzien-wiosny-2","status":"publish","type":"post","link":"http:\/\/przedszkole.kosowlacki.pl\/wordpress\/pierwszy-dzien-wiosny-2\/","title":{"rendered":"PIERWSZY DZIE\u0143 WIOSNY"},"content":{"rendered":"<p style=\"text-align: center;\"><em>\u201eNa promyku s\u0142o\u0144ca, tu\u017c po pierwszej burzy,<br \/>\nprzysz\u0142a do nas wiosna z dalekiej podr\u00f3\u017cy.<br \/>\nWita\u0142y j\u0105: bocian, skowronek i szpaki,<br \/>\nwita\u0142y j\u0105 tak\u017ce wszystkie przedszkolaki\u2026\u201d<\/em><\/p>\n<p style=\"text-align: center;\">21 marca\u00a0 w naszym przedszkolu \u015bwi\u0119towali\u015bmy Pierwszy Dzie\u0144 Wiosny. Ju\u017c od kilku dni przygotowywali\u015bmy si\u0119 na przyj\u015bcie tej wyczekiwanej pory roku. Zapoznawali\u015bmy si\u0119 z jej oznakami, prowadzili\u015bmy obserwacj\u0119 pogody. Zmieni\u0142 si\u0119 r\u00f3wnie\u017c wystr\u00f3j sal i korytarzy przedszkolnych. Przedszkolaki za\u0142o\u017cy\u0142y wspania\u0142e k\u0105ciki przyrody i z podekscytowaniem obserwuj\u0105, jak rosn\u0105 ro\u015blinki.<\/p>\n<p style=\"text-align: center;\">Wiosna zawita\u0142a tak\u017ce do naszej Galerii Ma\u0142ych Artyst\u00f3w, kt\u00f3ra \u201erozkwit\u0142a\u201d kolorowymi pracami przedszkolak\u00f3w. Jak zawsze pe\u0142no tam r\u00f3\u017cnorodnych, innowacyjnych technik plastycznych i pomys\u0142owo\u015bci dzieci.<\/p>\n<p style=\"text-align: center;\">\u00a0Atrakcyjn\u0105 cz\u0119\u015bci\u0105 dnia dla naszych przedszkolak\u00f3w by\u0142 pobyt na \u015bwie\u017cym powietrzu. Dzieci odnalaz\u0142y oznaki wiosny w przedszkolnym ogrodzie i podczas spacer\u00f3w w okolicy.<\/p>\n<p style=\"text-align: center;\">Witamy Ci\u0119 Wiosenko!<\/p>\n<p style=\"text-align: right;\">E. Skorupka<\/p>\n","protected":false},"excerpt":{"rendered":"<p>\u201eNa promyku s\u0142o\u0144ca, tu\u017c po pierwszej burzy, przysz\u0142a do nas wiosna z dalekiej podr\u00f3\u017cy. Wita\u0142y j\u0105: bocian, skowronek i szpaki, wita\u0142y j\u0105 tak\u017ce wszystkie przedszkolaki\u2026\u201d 21 marca\u00a0 w naszym przedszkolu \u015bwi\u0119towali\u015bmy Pierwszy Dzie\u0144 Wiosny. Ju\u017c od kilku dni przygotowywali\u015bmy si\u0119 na przyj\u015bcie tej wyczekiwanej pory roku. Zapoznawali\u015bmy si\u0119 z jej oznakami, prowadzili\u015bmy obserwacj\u0119 pogody. Zmieni\u0142&hellip; <br \/> <a class=\"read-more\" href=\"http:\/\/przedszkole.kosowlacki.pl\/wordpress\/pierwszy-dzien-wiosny-2\/\">Read more<\/a><\/p>\n","protected":false},"author":8,"featured_media":0,"comment_status":"open","ping_status":"open","sticky":false,"template":"","format":"standard","meta":[],"categories":[10],"tags":[],"_links":{"self":[{"href":"http:\/\/przedszkole.kosowlacki.pl\/wordpress\/wp-json\/wp\/v2\/posts\/16492"}],"collection":[{"href":"http:\/\/przedszkole.kosowlacki.pl\/wordpress\/wp-json\/wp\/v2\/posts"}],"about":[{"href":"http:\/\/przedszkole.kosowlacki.pl\/wordpress\/wp-json\/wp\/v2\/types\/post"}],"author":[{"embeddable":true,"href":"http:\/\/przedszkole.kosowlacki.pl\/wordpress\/wp-json\/wp\/v2\/users\/8"}],"replies":[{"embeddable":true,"href":"http:\/\/przedszkole.kosowlacki.pl\/wordpress\/wp-json\/wp\/v2\/comments?post=16492"}],"version-history":[{"count":1,"href":"http:\/\/przedszkole.kosowlacki.pl\/wordpress\/wp-json\/wp\/v2\/posts\/16492\/revisions"}],"predecessor-version":[{"id":16493,"href":"http:\/\/przedszkole.kosowlacki.pl\/wordpress\/wp-json\/wp\/v2\/posts\/16492\/revisions\/16493"}],"wp:attachment":[{"href":"http:\/\/przedszkole.kosowlacki.pl\/wordpress\/wp-json\/wp\/v2\/media?parent=16492"}],"wp:term":[{"taxonomy":"category","embeddable":true,"href":"http:\/\/przedszkole.kosowlacki.pl\/wordpress\/wp-json\/wp\/v2\/categories?post=16492"},{"taxonomy":"post_tag","embeddable":true,"href":"http:\/\/przedszkole.kosowlacki.pl\/wordpress\/wp-json\/wp\/v2\/tags?post=16492"}],"curies":[{"name":"wp","href":"https:\/\/api.w.org\/{rel}","templated":true}]}}