{"id":16483,"date":"2024-03-20T21:03:02","date_gmt":"2024-03-20T20:03:02","guid":{"rendered":"http:\/\/przedszkole.kosowlacki.pl\/wordpress\/?p=16483"},"modified":"2024-03-20T21:03:40","modified_gmt":"2024-03-20T20:03:40","slug":"pokaz-malych-talentow","status":"publish","type":"post","link":"http:\/\/przedszkole.kosowlacki.pl\/wordpress\/pokaz-malych-talentow\/","title":{"rendered":"POKAZ MA\u0141YCH TALENT\u00d3W"},"content":{"rendered":"<p>&nbsp;<\/p>\n<p style=\"text-align: center;\">Dzisiaj w naszym przedszkolu odby\u0142 si\u0119 \u201ePokaz Ma\u0142ych Talent\u00f3w\u201d. Celem konkursu by\u0142o rozwijanie kreatywno\u015bci przedszkolak\u00f3w, ich zainteresowa\u0144 i talent\u00f3w, umo\u017cliwienie prezentacji swoich pasji wi\u0119kszej grupie odbiorc\u00f3w. Dzieci zaprezentowa\u0142y swoje wybitne umiej\u0119tno\u015bci w czterech kategoriach : recytacja, \u015bpiew, praca plastyczna oraz r\u00f3\u017cne talenty, czyli mi\u0119dzy innymi gra na instrumencie, pokazy kulinarne, budowle z klock\u00f3w, akrobacje, gry i sztuczki. Mali arty\u015bci zostali nagrodzeni gromkimi brawami. \u00a0W ka\u017cdej z kategorii zosta\u0142y przyznane 1, 2 i 3 miejsca. Wszyscy\u00a0 uczestnicy otrzymali dyplomy oraz nagrody.<\/p>\n<p style=\"text-align: center;\">Wyniki konkursu:<\/p>\n<p style=\"text-align: center;\">Recytacja<\/p>\n<p style=\"text-align: center;\">1 miejsce &#8211;\u00a0 Julia Mas\u0142owska<\/p>\n<p style=\"text-align: center;\">2 miejsce \u2013 Lena Kozera<\/p>\n<p style=\"text-align: center;\">3 miejsce \u2013 Nikola Filipczuk<\/p>\n<p style=\"text-align: center;\">\u015apiew<\/p>\n<p style=\"text-align: center;\">1 miejsce \u2013 Oliwia Strus<\/p>\n<p style=\"text-align: center;\">2 miejsce \u2013 Amelia \u017bochowska<\/p>\n<p style=\"text-align: center;\">3 miejsce \u2013 Marta Gawrych<\/p>\n<p style=\"text-align: center;\">Praca plastyczna<\/p>\n<p style=\"text-align: center;\">1 miejsce \u2013 Alicja Zakrzewska<\/p>\n<p style=\"text-align: center;\">2 miejsce \u2013 Lena Stefaniak<\/p>\n<p style=\"text-align: center;\">3 miejsce \u2013 Stanis\u0142aw Domaga\u0142a<\/p>\n<p style=\"text-align: center;\">R\u00f3\u017cne talenty<\/p>\n<p style=\"text-align: center;\">1 miejsce \u2013 Jan Kosowski<\/p>\n<p style=\"text-align: center;\">2 miejsce \u2013 Bartosz Ko\u0142ek<\/p>\n<p style=\"text-align: center;\">3 miejsce \u2013 Laura Kurowicka<\/p>\n<p style=\"text-align: center;\">\u00a0 \u00a0 \u00a0 \u00a0 \u00a0 \u00a0 \u00a0 \u00a0 oraz<\/p>\n<p style=\"text-align: center;\">3 miejsce &#8211;\u00a0 Mateusz Poziarski<\/p>\n<p style=\"text-align: center;\">Przedszkolaki pokaza\u0142y, \u017ce pasja, talent oraz praca s\u0105 gwarancj\u0105 prawdziwego sukcesu.<\/p>\n<p style=\"text-align: center;\">Serdecznie gratulujemy wszystkim uczestnikom konkursu. Dzi\u0119kujemy rodzicom za wsp\u00f3\u0142prac\u0119 i przygotowanie dzieci do wyst\u0119pu.<\/p>\n<p>&nbsp;<\/p>\n<p style=\"text-align: right;\">P. Osipiak<\/p>\n","protected":false},"excerpt":{"rendered":"<p>&nbsp; Dzisiaj w naszym przedszkolu odby\u0142 si\u0119 \u201ePokaz Ma\u0142ych Talent\u00f3w\u201d. Celem konkursu by\u0142o rozwijanie kreatywno\u015bci przedszkolak\u00f3w, ich zainteresowa\u0144 i talent\u00f3w, umo\u017cliwienie prezentacji swoich pasji wi\u0119kszej grupie odbiorc\u00f3w. Dzieci zaprezentowa\u0142y swoje wybitne umiej\u0119tno\u015bci w czterech kategoriach : recytacja, \u015bpiew, praca plastyczna oraz r\u00f3\u017cne talenty, czyli mi\u0119dzy innymi gra na instrumencie, pokazy kulinarne, budowle z klock\u00f3w, akrobacje,&hellip; <br \/> <a class=\"read-more\" href=\"http:\/\/przedszkole.kosowlacki.pl\/wordpress\/pokaz-malych-talentow\/\">Read more<\/a><\/p>\n","protected":false},"author":9,"featured_media":0,"comment_status":"open","ping_status":"open","sticky":false,"template":"","format":"standard","meta":[],"categories":[10],"tags":[],"_links":{"self":[{"href":"http:\/\/przedszkole.kosowlacki.pl\/wordpress\/wp-json\/wp\/v2\/posts\/16483"}],"collection":[{"href":"http:\/\/przedszkole.kosowlacki.pl\/wordpress\/wp-json\/wp\/v2\/posts"}],"about":[{"href":"http:\/\/przedszkole.kosowlacki.pl\/wordpress\/wp-json\/wp\/v2\/types\/post"}],"author":[{"embeddable":true,"href":"http:\/\/przedszkole.kosowlacki.pl\/wordpress\/wp-json\/wp\/v2\/users\/9"}],"replies":[{"embeddable":true,"href":"http:\/\/przedszkole.kosowlacki.pl\/wordpress\/wp-json\/wp\/v2\/comments?post=16483"}],"version-history":[{"count":3,"href":"http:\/\/przedszkole.kosowlacki.pl\/wordpress\/wp-json\/wp\/v2\/posts\/16483\/revisions"}],"predecessor-version":[{"id":16486,"href":"http:\/\/przedszkole.kosowlacki.pl\/wordpress\/wp-json\/wp\/v2\/posts\/16483\/revisions\/16486"}],"wp:attachment":[{"href":"http:\/\/przedszkole.kosowlacki.pl\/wordpress\/wp-json\/wp\/v2\/media?parent=16483"}],"wp:term":[{"taxonomy":"category","embeddable":true,"href":"http:\/\/przedszkole.kosowlacki.pl\/wordpress\/wp-json\/wp\/v2\/categories?post=16483"},{"taxonomy":"post_tag","embeddable":true,"href":"http:\/\/przedszkole.kosowlacki.pl\/wordpress\/wp-json\/wp\/v2\/tags?post=16483"}],"curies":[{"name":"wp","href":"https:\/\/api.w.org\/{rel}","templated":true}]}}